{"id":2458,"date":"2023-09-19T15:20:31","date_gmt":"2023-09-19T15:20:31","guid":{"rendered":"https:\/\/www.hidralgobel.com\/?p=2458"},"modified":"2024-12-18T16:18:22","modified_gmt":"2024-12-18T16:18:22","slug":"hidral-gobel-asiste-en-bruselas-a-la-presentacion-del-european-accessibility-resource-centre","status":"publish","type":"post","link":"https:\/\/www.hidralgobel.com\/en\/hidral-gobel-asiste-en-bruselas-a-la-presentacion-del-european-accessibility-resource-centre\/","title":{"rendered":"Hidral Gobel asiste en Bruselas a la presentaci\u00f3n del European Accessibility Resource Centre"},"content":{"rendered":"<div data-elementor-type=\"wp-post\" data-elementor-id=\"2458\" class=\"elementor elementor-2458\" data-elementor-post-type=\"post\">\n\t\t\t\t\t\t<section class=\"elementor-section elementor-top-section elementor-element elementor-element-df1f411 elementor-section-boxed elementor-section-height-default elementor-section-height-default\" data-id=\"df1f411\" data-element_type=\"section\" data-e-type=\"section\" data-settings=\"{&quot;background_background&quot;:&quot;classic&quot;}\">\n\t\t\t\t\t\t<div class=\"elementor-container elementor-column-gap-default\">\n\t\t\t\t\t<div class=\"elementor-column elementor-col-100 elementor-top-column elementor-element elementor-element-1ff8937c\" data-id=\"1ff8937c\" data-element_type=\"column\" data-e-type=\"column\">\n\t\t\t<div class=\"elementor-widget-wrap elementor-element-populated\">\n\t\t\t\t\t\t<div class=\"elementor-element elementor-element-530b124a elementor-widget elementor-widget-spacer\" data-id=\"530b124a\" data-element_type=\"widget\" data-e-type=\"widget\" data-widget_type=\"spacer.default\">\n\t\t\t\t<div class=\"elementor-widget-container\">\n\t\t\t\t\t\t\t<div class=\"elementor-spacer\">\n\t\t\t<div class=\"elementor-spacer-inner\"><\/div>\n\t\t<\/div>\n\t\t\t\t\t\t<\/div>\n\t\t\t\t<\/div>\n\t\t\t\t<div class=\"elementor-element elementor-element-52afc978 elementor-widget elementor-widget-heading\" data-id=\"52afc978\" data-element_type=\"widget\" data-e-type=\"widget\" data-widget_type=\"heading.default\">\n\t\t\t\t<div class=\"elementor-widget-container\">\n\t\t\t\t\t<h2 class=\"elementor-heading-title elementor-size-default\">Hidral Gobel asiste en Bruselas a la presentaci\u00f3n del European Accessibility Resource Centre<\/h2>\t\t\t\t<\/div>\n\t\t\t\t<\/div>\n\t\t\t\t<div class=\"elementor-element elementor-element-2c19410e elementor-widget elementor-widget-spacer\" data-id=\"2c19410e\" data-element_type=\"widget\" data-e-type=\"widget\" data-widget_type=\"spacer.default\">\n\t\t\t\t<div class=\"elementor-widget-container\">\n\t\t\t\t\t\t\t<div class=\"elementor-spacer\">\n\t\t\t<div class=\"elementor-spacer-inner\"><\/div>\n\t\t<\/div>\n\t\t\t\t\t\t<\/div>\n\t\t\t\t<\/div>\n\t\t\t\t\t<\/div>\n\t\t<\/div>\n\t\t\t\t\t<\/div>\n\t\t<\/section>\n\t\t\t\t<section class=\"elementor-section elementor-top-section elementor-element elementor-element-59a8f933 elementor-section-boxed elementor-section-height-default elementor-section-height-default\" data-id=\"59a8f933\" data-element_type=\"section\" data-e-type=\"section\">\n\t\t\t\t\t\t<div class=\"elementor-container elementor-column-gap-default\">\n\t\t\t\t\t<div class=\"elementor-column elementor-col-33 elementor-top-column elementor-element elementor-element-6e625a54\" data-id=\"6e625a54\" data-element_type=\"column\" data-e-type=\"column\">\n\t\t\t<div class=\"elementor-widget-wrap\">\n\t\t\t\t\t\t\t<\/div>\n\t\t<\/div>\n\t\t\t\t<div class=\"elementor-column elementor-col-33 elementor-top-column elementor-element elementor-element-4be17244\" data-id=\"4be17244\" data-element_type=\"column\" data-e-type=\"column\">\n\t\t\t<div class=\"elementor-widget-wrap elementor-element-populated\">\n\t\t\t\t\t\t<div class=\"elementor-element elementor-element-20ed0bcc elementor-widget elementor-widget-image\" data-id=\"20ed0bcc\" data-element_type=\"widget\" data-e-type=\"widget\" data-widget_type=\"image.default\">\n\t\t\t\t<div class=\"elementor-widget-container\">\n\t\t\t\t\t\t\t\t\t\t\t\t\t\t\t<img fetchpriority=\"high\" decoding=\"async\" width=\"800\" height=\"533\" src=\"https:\/\/www.hidralgobel.com\/wp-content\/uploads\/2023\/09\/hidral-gobel-asiste-en-bruselas-a-la-presentacion-del-european-accessibility-resource-centre.jpg\" class=\"attachment-large size-large wp-image-1986\" alt=\"\" srcset=\"https:\/\/www.hidralgobel.com\/wp-content\/uploads\/2023\/09\/hidral-gobel-asiste-en-bruselas-a-la-presentacion-del-european-accessibility-resource-centre.jpg 800w, https:\/\/www.hidralgobel.com\/wp-content\/uploads\/2023\/09\/hidral-gobel-asiste-en-bruselas-a-la-presentacion-del-european-accessibility-resource-centre-300x200.jpg 300w, https:\/\/www.hidralgobel.com\/wp-content\/uploads\/2023\/09\/hidral-gobel-asiste-en-bruselas-a-la-presentacion-del-european-accessibility-resource-centre-768x512.jpg 768w, https:\/\/www.hidralgobel.com\/wp-content\/uploads\/2023\/09\/hidral-gobel-asiste-en-bruselas-a-la-presentacion-del-european-accessibility-resource-centre-18x12.jpg 18w\" sizes=\"(max-width: 800px) 100vw, 800px\" \/>\t\t\t\t\t\t\t\t\t\t\t\t\t\t\t<\/div>\n\t\t\t\t<\/div>\n\t\t\t\t\t<\/div>\n\t\t<\/div>\n\t\t\t\t<div class=\"elementor-column elementor-col-33 elementor-top-column elementor-element elementor-element-331e530d\" data-id=\"331e530d\" data-element_type=\"column\" data-e-type=\"column\">\n\t\t\t<div class=\"elementor-widget-wrap\">\n\t\t\t\t\t\t\t<\/div>\n\t\t<\/div>\n\t\t\t\t\t<\/div>\n\t\t<\/section>\n\t\t\t\t<section class=\"elementor-section elementor-top-section elementor-element elementor-element-414223b2 elementor-section-boxed elementor-section-height-default elementor-section-height-default\" data-id=\"414223b2\" data-element_type=\"section\" data-e-type=\"section\">\n\t\t\t\t\t\t<div class=\"elementor-container elementor-column-gap-default\">\n\t\t\t\t\t<div class=\"elementor-column elementor-col-100 elementor-top-column elementor-element elementor-element-29caac2f\" data-id=\"29caac2f\" data-element_type=\"column\" data-e-type=\"column\">\n\t\t\t<div class=\"elementor-widget-wrap elementor-element-populated\">\n\t\t\t\t\t\t<div class=\"elementor-element elementor-element-77cc3d79 elementor-widget elementor-widget-text-editor\" data-id=\"77cc3d79\" data-element_type=\"widget\" data-e-type=\"widget\" data-widget_type=\"text-editor.default\">\n\t\t\t\t<div class=\"elementor-widget-container\">\n\t\t\t\t\t\t\t\t\t<p><span style=\"font-weight: 400;\">El pasado 4 de julio Hidral Gobel asisti\u00f3 en Bruselas a la presentaci\u00f3n del European Accessibility Resource Centre, <\/span><a href=\"https:\/\/ec.europa.eu\/social\/main.jsp?catId=1612&amp;langId=en&amp;#:~:text=About%20AccessibleEU&amp;text=It%20is%20a%20resource%20centre,an%20equal%20basis%20with%20others.\"><span style=\"font-weight: 400;\">AccessibleEU<\/span><\/a><span style=\"font-weight: 400;\">.<\/span><\/p><p><span style=\"font-weight: 400;\">El proyecto tiene como objetivo promover y mejorar la accesibilidad en el transporte, los entornos construidos, la informaci\u00f3n, las tecnolog\u00edas de la comunicaci\u00f3n y las pol\u00edticas con el fin de garantizar la participaci\u00f3n de las personas con discapacidad en todos los \u00e1mbitos de la vida y en condiciones de igualdad.<\/span><\/p><p><span style=\"font-weight: 400;\">AccessibleEU se ha puesto en marcha a trav\u00e9s de un consorcio liderado por <\/span><a href=\"https:\/\/www.fundaciononce.es\/es\"><span style=\"font-weight: 400;\">Fundaci\u00f3n ONCE<\/span><\/a><span style=\"font-weight: 400;\">, como entidad referente en accesibilidad a nivel internacional, la Universidad austriaca Johannes Kepler de Linz, y la Red Europea de Turismo Accesible (ENAT). Igualmente, forman parte del proyecto la Asociaci\u00f3n Espa\u00f1ola de Normalizaci\u00f3n (UNE) y la Asociaci\u00f3n Europea de Proveedores de Servicios para Personas con Discapacidad (EASPD).<\/span><\/p><p><span style=\"font-weight: 400;\">Fabio Sgardi, que estuvo presente en la sede del Comit\u00e9 Econ\u00f3mico y Social Europeo ha resaltado que \u00abes una buena noticia ver c\u00f3mo se crean marcos de trabajo, espacios para el intercambio de ideas, para hacer preguntas y avanzar, en este caso tambi\u00e9n, en materia de accesibilidad en el transporte. Hidral Gobel, en su tarea de concienciaci\u00f3n para la la transformaci\u00f3n del transporte por carreta en un medio inclusivo, ha querido apoyar esta iniciativa que coincide con la l\u00ednea de acci\u00f3n recogida en nuestro Manifiesto por un transporte urbano para todas las personas\u00bb.<\/span><\/p><p><span style=\"font-weight: 400;\">El acto de lanzamiento de AccessibleEU estuvo presidido por la comisaria europea de Igualdad, Helena Dalli, y el presidente del Grupo Social ONCE, Miguel Carballeda, quienes han destacado la relevancia de la creaci\u00f3n de AccessibleEU como palanca para la mejora de la calidad de vida de los m\u00e1s de 80 millones de ciudadanos europeos con discapacidad.<\/span><\/p><p><span style=\"font-weight: 400;\">* En la foto, Fabio Sgardi, CEO de Hidral Gobel, con con Jes\u00fas Hern\u00e1ndez-Gal\u00e1n, director de Accesibilidad e Innovaci\u00f3n en Fundaci\u00f3n ONCE.<\/span><\/p>\t\t\t\t\t\t\t\t<\/div>\n\t\t\t\t<\/div>\n\t\t\t\t\t<\/div>\n\t\t<\/div>\n\t\t\t\t\t<\/div>\n\t\t<\/section>\n\t\t\t\t<section class=\"elementor-section elementor-top-section elementor-element elementor-element-5d1ccff8 elementor-section-boxed elementor-section-height-default elementor-section-height-default\" data-id=\"5d1ccff8\" data-element_type=\"section\" data-e-type=\"section\">\n\t\t\t\t\t\t<div class=\"elementor-container elementor-column-gap-default\">\n\t\t\t\t\t<div class=\"elementor-column elementor-col-33 elementor-top-column elementor-element elementor-element-24b24e07\" data-id=\"24b24e07\" data-element_type=\"column\" data-e-type=\"column\">\n\t\t\t<div class=\"elementor-widget-wrap elementor-element-populated\">\n\t\t\t\t\t\t<div class=\"elementor-element elementor-element-81bed81 elementor-align-left elementor-mobile-align-center elementor-widget elementor-widget-button\" data-id=\"81bed81\" data-element_type=\"widget\" data-e-type=\"widget\" data-widget_type=\"button.default\">\n\t\t\t\t<div class=\"elementor-widget-container\">\n\t\t\t\t\t\t\t\t\t<div class=\"elementor-button-wrapper\">\n\t\t\t\t\t<a class=\"elementor-button elementor-button-link elementor-size-md elementor-animation-shrink\" href=\"https:\/\/www.hidralgobel.com\/en\/blog\/\">\n\t\t\t\t\t\t<span class=\"elementor-button-content-wrapper\">\n\t\t\t\t\t\t<span class=\"elementor-button-icon\">\n\t\t\t\t<i aria-hidden=\"true\" class=\"fas fa-long-arrow-alt-right\"><\/i>\t\t\t<\/span>\n\t\t\t\t\t\t\t\t\t<span class=\"elementor-button-text\">NEWS<\/span>\n\t\t\t\t\t<\/span>\n\t\t\t\t\t<\/a>\n\t\t\t\t<\/div>\n\t\t\t\t\t\t\t\t<\/div>\n\t\t\t\t<\/div>\n\t\t\t\t\t<\/div>\n\t\t<\/div>\n\t\t\t\t<div class=\"elementor-column elementor-col-33 elementor-top-column elementor-element elementor-element-4aa2d9e\" data-id=\"4aa2d9e\" data-element_type=\"column\" data-e-type=\"column\">\n\t\t\t<div class=\"elementor-widget-wrap\">\n\t\t\t\t\t\t\t<\/div>\n\t\t<\/div>\n\t\t\t\t<div class=\"elementor-column elementor-col-33 elementor-top-column elementor-element elementor-element-6f492026\" data-id=\"6f492026\" data-element_type=\"column\" data-e-type=\"column\">\n\t\t\t<div class=\"elementor-widget-wrap\">\n\t\t\t\t\t\t\t<\/div>\n\t\t<\/div>\n\t\t\t\t\t<\/div>\n\t\t<\/section>\n\t\t\t\t<\/div>","protected":false},"excerpt":{"rendered":"<p>Hidral Gobel asiste en Bruselas a la presentaci\u00f3n del European Accessibility Resource Centre El pasado 4 de julio Hidral Gobel asisti\u00f3 en Bruselas a la presentaci\u00f3n del European Accessibility Resource Centre, AccessibleEU. El proyecto tiene como objetivo promover y mejorar la accesibilidad en el transporte, los entornos construidos, la informaci\u00f3n, las tecnolog\u00edas de la comunicaci\u00f3n [&hellip;]<\/p>\n","protected":false},"author":1,"featured_media":1988,"comment_status":"open","ping_status":"open","sticky":false,"template":"elementor_header_footer","format":"standard","meta":{"footnotes":""},"categories":[1],"tags":[],"class_list":["post-2458","post","type-post","status-publish","format-standard","has-post-thumbnail","hentry","category-sin-categoria"],"yoast_head":"<!-- This site is optimized with the Yoast SEO plugin v27.5 - https:\/\/yoast.com\/product\/yoast-seo-wordpress\/ -->\n<title>Hidral Gobel asiste en Bruselas a la presentaci\u00f3n del European Accessibility Resource Centre - Hidral Gobel<\/title>\n<meta name=\"robots\" content=\"index, follow, max-snippet:-1, max-image-preview:large, max-video-preview:-1\" \/>\n<link rel=\"canonical\" href=\"https:\/\/www.hidralgobel.com\/en\/hidral-gobel-asiste-en-bruselas-a-la-presentacion-del-european-accessibility-resource-centre\/\" \/>\n<meta property=\"og:locale\" content=\"en_GB\" \/>\n<meta property=\"og:type\" content=\"article\" \/>\n<meta property=\"og:title\" content=\"Hidral Gobel asiste en Bruselas a la presentaci\u00f3n del European Accessibility Resource Centre - Hidral Gobel\" \/>\n<meta property=\"og:description\" content=\"Hidral Gobel asiste en Bruselas a la presentaci\u00f3n del European Accessibility Resource Centre El pasado 4 de julio Hidral Gobel asisti\u00f3 en Bruselas a la presentaci\u00f3n del European Accessibility Resource Centre, AccessibleEU. El proyecto tiene como objetivo promover y mejorar la accesibilidad en el transporte, los entornos construidos, la informaci\u00f3n, las tecnolog\u00edas de la comunicaci\u00f3n [&hellip;]\" \/>\n<meta property=\"og:url\" content=\"https:\/\/www.hidralgobel.com\/en\/hidral-gobel-asiste-en-bruselas-a-la-presentacion-del-european-accessibility-resource-centre\/\" \/>\n<meta property=\"og:site_name\" content=\"Hidral Gobel\" \/>\n<meta property=\"article:published_time\" content=\"2023-09-19T15:20:31+00:00\" \/>\n<meta property=\"article:modified_time\" content=\"2024-12-18T16:18:22+00:00\" \/>\n<meta property=\"og:image\" content=\"https:\/\/www.hidralgobel.com\/wp-content\/uploads\/2023\/09\/hidral-gobel-asiste-en-bruselas-a-la-presentacion-del-european-accessibility-resource-centre-1.jpg\" \/>\n\t<meta property=\"og:image:width\" content=\"800\" \/>\n\t<meta property=\"og:image:height\" content=\"533\" \/>\n\t<meta property=\"og:image:type\" content=\"image\/jpeg\" \/>\n<meta name=\"author\" content=\"cronicai\" \/>\n<meta name=\"twitter:card\" content=\"summary_large_image\" \/>\n<meta name=\"twitter:label1\" content=\"Written by\" \/>\n\t<meta name=\"twitter:data1\" content=\"cronicai\" \/>\n\t<meta name=\"twitter:label2\" content=\"Estimated reading time\" \/>\n\t<meta name=\"twitter:data2\" content=\"2 minutes\" \/>\n<script type=\"application\/ld+json\" class=\"yoast-schema-graph\">{\"@context\":\"https:\\\/\\\/schema.org\",\"@graph\":[{\"@type\":\"Article\",\"@id\":\"https:\\\/\\\/www.hidralgobel.com\\\/hidral-gobel-asiste-en-bruselas-a-la-presentacion-del-european-accessibility-resource-centre\\\/#article\",\"isPartOf\":{\"@id\":\"https:\\\/\\\/www.hidralgobel.com\\\/hidral-gobel-asiste-en-bruselas-a-la-presentacion-del-european-accessibility-resource-centre\\\/\"},\"author\":{\"name\":\"cronicai\",\"@id\":\"https:\\\/\\\/www.hidralgobel.com\\\/#\\\/schema\\\/person\\\/2c77d0dd86e38c005d0a59fde9bb7240\"},\"headline\":\"Hidral Gobel asiste en Bruselas a la presentaci\u00f3n del European Accessibility Resource Centre\",\"datePublished\":\"2023-09-19T15:20:31+00:00\",\"dateModified\":\"2024-12-18T16:18:22+00:00\",\"mainEntityOfPage\":{\"@id\":\"https:\\\/\\\/www.hidralgobel.com\\\/hidral-gobel-asiste-en-bruselas-a-la-presentacion-del-european-accessibility-resource-centre\\\/\"},\"wordCount\":354,\"commentCount\":0,\"publisher\":{\"@id\":\"https:\\\/\\\/www.hidralgobel.com\\\/#organization\"},\"image\":{\"@id\":\"https:\\\/\\\/www.hidralgobel.com\\\/hidral-gobel-asiste-en-bruselas-a-la-presentacion-del-european-accessibility-resource-centre\\\/#primaryimage\"},\"thumbnailUrl\":\"https:\\\/\\\/www.hidralgobel.com\\\/wp-content\\\/uploads\\\/2023\\\/09\\\/hidral-gobel-asiste-en-bruselas-a-la-presentacion-del-european-accessibility-resource-centre-1.jpg\",\"articleSection\":[\"Sin categor\u00eda\"],\"inLanguage\":\"en-GB\",\"potentialAction\":[{\"@type\":\"CommentAction\",\"name\":\"Comment\",\"target\":[\"https:\\\/\\\/www.hidralgobel.com\\\/hidral-gobel-asiste-en-bruselas-a-la-presentacion-del-european-accessibility-resource-centre\\\/#respond\"]}]},{\"@type\":\"WebPage\",\"@id\":\"https:\\\/\\\/www.hidralgobel.com\\\/hidral-gobel-asiste-en-bruselas-a-la-presentacion-del-european-accessibility-resource-centre\\\/\",\"url\":\"https:\\\/\\\/www.hidralgobel.com\\\/hidral-gobel-asiste-en-bruselas-a-la-presentacion-del-european-accessibility-resource-centre\\\/\",\"name\":\"Hidral Gobel asiste en Bruselas a la presentaci\u00f3n del European Accessibility Resource Centre - Hidral Gobel\",\"isPartOf\":{\"@id\":\"https:\\\/\\\/www.hidralgobel.com\\\/#website\"},\"primaryImageOfPage\":{\"@id\":\"https:\\\/\\\/www.hidralgobel.com\\\/hidral-gobel-asiste-en-bruselas-a-la-presentacion-del-european-accessibility-resource-centre\\\/#primaryimage\"},\"image\":{\"@id\":\"https:\\\/\\\/www.hidralgobel.com\\\/hidral-gobel-asiste-en-bruselas-a-la-presentacion-del-european-accessibility-resource-centre\\\/#primaryimage\"},\"thumbnailUrl\":\"https:\\\/\\\/www.hidralgobel.com\\\/wp-content\\\/uploads\\\/2023\\\/09\\\/hidral-gobel-asiste-en-bruselas-a-la-presentacion-del-european-accessibility-resource-centre-1.jpg\",\"datePublished\":\"2023-09-19T15:20:31+00:00\",\"dateModified\":\"2024-12-18T16:18:22+00:00\",\"breadcrumb\":{\"@id\":\"https:\\\/\\\/www.hidralgobel.com\\\/hidral-gobel-asiste-en-bruselas-a-la-presentacion-del-european-accessibility-resource-centre\\\/#breadcrumb\"},\"inLanguage\":\"en-GB\",\"potentialAction\":[{\"@type\":\"ReadAction\",\"target\":[\"https:\\\/\\\/www.hidralgobel.com\\\/hidral-gobel-asiste-en-bruselas-a-la-presentacion-del-european-accessibility-resource-centre\\\/\"]}]},{\"@type\":\"ImageObject\",\"inLanguage\":\"en-GB\",\"@id\":\"https:\\\/\\\/www.hidralgobel.com\\\/hidral-gobel-asiste-en-bruselas-a-la-presentacion-del-european-accessibility-resource-centre\\\/#primaryimage\",\"url\":\"https:\\\/\\\/www.hidralgobel.com\\\/wp-content\\\/uploads\\\/2023\\\/09\\\/hidral-gobel-asiste-en-bruselas-a-la-presentacion-del-european-accessibility-resource-centre-1.jpg\",\"contentUrl\":\"https:\\\/\\\/www.hidralgobel.com\\\/wp-content\\\/uploads\\\/2023\\\/09\\\/hidral-gobel-asiste-en-bruselas-a-la-presentacion-del-european-accessibility-resource-centre-1.jpg\",\"width\":800,\"height\":533},{\"@type\":\"BreadcrumbList\",\"@id\":\"https:\\\/\\\/www.hidralgobel.com\\\/hidral-gobel-asiste-en-bruselas-a-la-presentacion-del-european-accessibility-resource-centre\\\/#breadcrumb\",\"itemListElement\":[{\"@type\":\"ListItem\",\"position\":1,\"name\":\"Portada\",\"item\":\"https:\\\/\\\/www.hidralgobel.com\\\/\"},{\"@type\":\"ListItem\",\"position\":2,\"name\":\"Hidral Gobel asiste en Bruselas a la presentaci\u00f3n del European Accessibility Resource Centre\"}]},{\"@type\":\"WebSite\",\"@id\":\"https:\\\/\\\/www.hidralgobel.com\\\/#website\",\"url\":\"https:\\\/\\\/www.hidralgobel.com\\\/\",\"name\":\"Hidral Gobel\",\"description\":\"Fabricamos soluciones de accesibilidad   para los viajeros con movilidad reducida.\",\"publisher\":{\"@id\":\"https:\\\/\\\/www.hidralgobel.com\\\/#organization\"},\"potentialAction\":[{\"@type\":\"SearchAction\",\"target\":{\"@type\":\"EntryPoint\",\"urlTemplate\":\"https:\\\/\\\/www.hidralgobel.com\\\/?s={search_term_string}\"},\"query-input\":{\"@type\":\"PropertyValueSpecification\",\"valueRequired\":true,\"valueName\":\"search_term_string\"}}],\"inLanguage\":\"en-GB\"},{\"@type\":\"Organization\",\"@id\":\"https:\\\/\\\/www.hidralgobel.com\\\/#organization\",\"name\":\"Hidral Gobel\",\"url\":\"https:\\\/\\\/www.hidralgobel.com\\\/\",\"logo\":{\"@type\":\"ImageObject\",\"inLanguage\":\"en-GB\",\"@id\":\"https:\\\/\\\/www.hidralgobel.com\\\/#\\\/schema\\\/logo\\\/image\\\/\",\"url\":\"https:\\\/\\\/www.hidralgobel.com\\\/wp-content\\\/uploads\\\/2023\\\/04\\\/Logotipo-Hidral-Gobel-2023_sin-fondo.png\",\"contentUrl\":\"https:\\\/\\\/www.hidralgobel.com\\\/wp-content\\\/uploads\\\/2023\\\/04\\\/Logotipo-Hidral-Gobel-2023_sin-fondo.png\",\"width\":1754,\"height\":1241,\"caption\":\"Hidral Gobel\"},\"image\":{\"@id\":\"https:\\\/\\\/www.hidralgobel.com\\\/#\\\/schema\\\/logo\\\/image\\\/\"}},{\"@type\":\"Person\",\"@id\":\"https:\\\/\\\/www.hidralgobel.com\\\/#\\\/schema\\\/person\\\/2c77d0dd86e38c005d0a59fde9bb7240\",\"name\":\"cronicai\",\"image\":{\"@type\":\"ImageObject\",\"inLanguage\":\"en-GB\",\"@id\":\"https:\\\/\\\/secure.gravatar.com\\\/avatar\\\/6c30e638a19ae3cecc2c3c63efd8e35e1fbba8fc09a805103e549b1f380dc0ba?s=96&d=mm&r=g\",\"url\":\"https:\\\/\\\/secure.gravatar.com\\\/avatar\\\/6c30e638a19ae3cecc2c3c63efd8e35e1fbba8fc09a805103e549b1f380dc0ba?s=96&d=mm&r=g\",\"contentUrl\":\"https:\\\/\\\/secure.gravatar.com\\\/avatar\\\/6c30e638a19ae3cecc2c3c63efd8e35e1fbba8fc09a805103e549b1f380dc0ba?s=96&d=mm&r=g\",\"caption\":\"cronicai\"},\"sameAs\":[\"https:\\\/\\\/cronicai-cp43.wordpresstemporal.com\\\/hidral\"],\"url\":\"https:\\\/\\\/www.hidralgobel.com\\\/en\\\/author\\\/cronicai\\\/\"}]}<\/script>\n<!-- \/ Yoast SEO plugin. -->","yoast_head_json":{"title":"Hidral Gobel asiste en Bruselas a la presentaci\u00f3n del European Accessibility Resource Centre - Hidral Gobel","robots":{"index":"index","follow":"follow","max-snippet":"max-snippet:-1","max-image-preview":"max-image-preview:large","max-video-preview":"max-video-preview:-1"},"canonical":"https:\/\/www.hidralgobel.com\/en\/hidral-gobel-asiste-en-bruselas-a-la-presentacion-del-european-accessibility-resource-centre\/","og_locale":"en_GB","og_type":"article","og_title":"Hidral Gobel asiste en Bruselas a la presentaci\u00f3n del European Accessibility Resource Centre - Hidral Gobel","og_description":"Hidral Gobel asiste en Bruselas a la presentaci\u00f3n del European Accessibility Resource Centre El pasado 4 de julio Hidral Gobel asisti\u00f3 en Bruselas a la presentaci\u00f3n del European Accessibility Resource Centre, AccessibleEU. El proyecto tiene como objetivo promover y mejorar la accesibilidad en el transporte, los entornos construidos, la informaci\u00f3n, las tecnolog\u00edas de la comunicaci\u00f3n [&hellip;]","og_url":"https:\/\/www.hidralgobel.com\/en\/hidral-gobel-asiste-en-bruselas-a-la-presentacion-del-european-accessibility-resource-centre\/","og_site_name":"Hidral Gobel","article_published_time":"2023-09-19T15:20:31+00:00","article_modified_time":"2024-12-18T16:18:22+00:00","og_image":[{"width":800,"height":533,"url":"https:\/\/www.hidralgobel.com\/wp-content\/uploads\/2023\/09\/hidral-gobel-asiste-en-bruselas-a-la-presentacion-del-european-accessibility-resource-centre-1.jpg","type":"image\/jpeg"}],"author":"cronicai","twitter_card":"summary_large_image","twitter_misc":{"Written by":"cronicai","Estimated reading time":"2 minutes"},"schema":{"@context":"https:\/\/schema.org","@graph":[{"@type":"Article","@id":"https:\/\/www.hidralgobel.com\/hidral-gobel-asiste-en-bruselas-a-la-presentacion-del-european-accessibility-resource-centre\/#article","isPartOf":{"@id":"https:\/\/www.hidralgobel.com\/hidral-gobel-asiste-en-bruselas-a-la-presentacion-del-european-accessibility-resource-centre\/"},"author":{"name":"cronicai","@id":"https:\/\/www.hidralgobel.com\/#\/schema\/person\/2c77d0dd86e38c005d0a59fde9bb7240"},"headline":"Hidral Gobel asiste en Bruselas a la presentaci\u00f3n del European Accessibility Resource Centre","datePublished":"2023-09-19T15:20:31+00:00","dateModified":"2024-12-18T16:18:22+00:00","mainEntityOfPage":{"@id":"https:\/\/www.hidralgobel.com\/hidral-gobel-asiste-en-bruselas-a-la-presentacion-del-european-accessibility-resource-centre\/"},"wordCount":354,"commentCount":0,"publisher":{"@id":"https:\/\/www.hidralgobel.com\/#organization"},"image":{"@id":"https:\/\/www.hidralgobel.com\/hidral-gobel-asiste-en-bruselas-a-la-presentacion-del-european-accessibility-resource-centre\/#primaryimage"},"thumbnailUrl":"https:\/\/www.hidralgobel.com\/wp-content\/uploads\/2023\/09\/hidral-gobel-asiste-en-bruselas-a-la-presentacion-del-european-accessibility-resource-centre-1.jpg","articleSection":["Sin categor\u00eda"],"inLanguage":"en-GB","potentialAction":[{"@type":"CommentAction","name":"Comment","target":["https:\/\/www.hidralgobel.com\/hidral-gobel-asiste-en-bruselas-a-la-presentacion-del-european-accessibility-resource-centre\/#respond"]}]},{"@type":"WebPage","@id":"https:\/\/www.hidralgobel.com\/hidral-gobel-asiste-en-bruselas-a-la-presentacion-del-european-accessibility-resource-centre\/","url":"https:\/\/www.hidralgobel.com\/hidral-gobel-asiste-en-bruselas-a-la-presentacion-del-european-accessibility-resource-centre\/","name":"Hidral Gobel asiste en Bruselas a la presentaci\u00f3n del European Accessibility Resource Centre - Hidral Gobel","isPartOf":{"@id":"https:\/\/www.hidralgobel.com\/#website"},"primaryImageOfPage":{"@id":"https:\/\/www.hidralgobel.com\/hidral-gobel-asiste-en-bruselas-a-la-presentacion-del-european-accessibility-resource-centre\/#primaryimage"},"image":{"@id":"https:\/\/www.hidralgobel.com\/hidral-gobel-asiste-en-bruselas-a-la-presentacion-del-european-accessibility-resource-centre\/#primaryimage"},"thumbnailUrl":"https:\/\/www.hidralgobel.com\/wp-content\/uploads\/2023\/09\/hidral-gobel-asiste-en-bruselas-a-la-presentacion-del-european-accessibility-resource-centre-1.jpg","datePublished":"2023-09-19T15:20:31+00:00","dateModified":"2024-12-18T16:18:22+00:00","breadcrumb":{"@id":"https:\/\/www.hidralgobel.com\/hidral-gobel-asiste-en-bruselas-a-la-presentacion-del-european-accessibility-resource-centre\/#breadcrumb"},"inLanguage":"en-GB","potentialAction":[{"@type":"ReadAction","target":["https:\/\/www.hidralgobel.com\/hidral-gobel-asiste-en-bruselas-a-la-presentacion-del-european-accessibility-resource-centre\/"]}]},{"@type":"ImageObject","inLanguage":"en-GB","@id":"https:\/\/www.hidralgobel.com\/hidral-gobel-asiste-en-bruselas-a-la-presentacion-del-european-accessibility-resource-centre\/#primaryimage","url":"https:\/\/www.hidralgobel.com\/wp-content\/uploads\/2023\/09\/hidral-gobel-asiste-en-bruselas-a-la-presentacion-del-european-accessibility-resource-centre-1.jpg","contentUrl":"https:\/\/www.hidralgobel.com\/wp-content\/uploads\/2023\/09\/hidral-gobel-asiste-en-bruselas-a-la-presentacion-del-european-accessibility-resource-centre-1.jpg","width":800,"height":533},{"@type":"BreadcrumbList","@id":"https:\/\/www.hidralgobel.com\/hidral-gobel-asiste-en-bruselas-a-la-presentacion-del-european-accessibility-resource-centre\/#breadcrumb","itemListElement":[{"@type":"ListItem","position":1,"name":"Portada","item":"https:\/\/www.hidralgobel.com\/"},{"@type":"ListItem","position":2,"name":"Hidral Gobel asiste en Bruselas a la presentaci\u00f3n del European Accessibility Resource Centre"}]},{"@type":"WebSite","@id":"https:\/\/www.hidralgobel.com\/#website","url":"https:\/\/www.hidralgobel.com\/","name":"Hidral Gobel","description":"Fabricamos soluciones de accesibilidad   para los viajeros con movilidad reducida.","publisher":{"@id":"https:\/\/www.hidralgobel.com\/#organization"},"potentialAction":[{"@type":"SearchAction","target":{"@type":"EntryPoint","urlTemplate":"https:\/\/www.hidralgobel.com\/?s={search_term_string}"},"query-input":{"@type":"PropertyValueSpecification","valueRequired":true,"valueName":"search_term_string"}}],"inLanguage":"en-GB"},{"@type":"Organization","@id":"https:\/\/www.hidralgobel.com\/#organization","name":"Hidral Gobel","url":"https:\/\/www.hidralgobel.com\/","logo":{"@type":"ImageObject","inLanguage":"en-GB","@id":"https:\/\/www.hidralgobel.com\/#\/schema\/logo\/image\/","url":"https:\/\/www.hidralgobel.com\/wp-content\/uploads\/2023\/04\/Logotipo-Hidral-Gobel-2023_sin-fondo.png","contentUrl":"https:\/\/www.hidralgobel.com\/wp-content\/uploads\/2023\/04\/Logotipo-Hidral-Gobel-2023_sin-fondo.png","width":1754,"height":1241,"caption":"Hidral Gobel"},"image":{"@id":"https:\/\/www.hidralgobel.com\/#\/schema\/logo\/image\/"}},{"@type":"Person","@id":"https:\/\/www.hidralgobel.com\/#\/schema\/person\/2c77d0dd86e38c005d0a59fde9bb7240","name":"cronicai","image":{"@type":"ImageObject","inLanguage":"en-GB","@id":"https:\/\/secure.gravatar.com\/avatar\/6c30e638a19ae3cecc2c3c63efd8e35e1fbba8fc09a805103e549b1f380dc0ba?s=96&d=mm&r=g","url":"https:\/\/secure.gravatar.com\/avatar\/6c30e638a19ae3cecc2c3c63efd8e35e1fbba8fc09a805103e549b1f380dc0ba?s=96&d=mm&r=g","contentUrl":"https:\/\/secure.gravatar.com\/avatar\/6c30e638a19ae3cecc2c3c63efd8e35e1fbba8fc09a805103e549b1f380dc0ba?s=96&d=mm&r=g","caption":"cronicai"},"sameAs":["https:\/\/cronicai-cp43.wordpresstemporal.com\/hidral"],"url":"https:\/\/www.hidralgobel.com\/en\/author\/cronicai\/"}]}},"_links":{"self":[{"href":"https:\/\/www.hidralgobel.com\/en\/wp-json\/wp\/v2\/posts\/2458","targetHints":{"allow":["GET"]}}],"collection":[{"href":"https:\/\/www.hidralgobel.com\/en\/wp-json\/wp\/v2\/posts"}],"about":[{"href":"https:\/\/www.hidralgobel.com\/en\/wp-json\/wp\/v2\/types\/post"}],"author":[{"embeddable":true,"href":"https:\/\/www.hidralgobel.com\/en\/wp-json\/wp\/v2\/users\/1"}],"replies":[{"embeddable":true,"href":"https:\/\/www.hidralgobel.com\/en\/wp-json\/wp\/v2\/comments?post=2458"}],"version-history":[{"count":8,"href":"https:\/\/www.hidralgobel.com\/en\/wp-json\/wp\/v2\/posts\/2458\/revisions"}],"predecessor-version":[{"id":4250,"href":"https:\/\/www.hidralgobel.com\/en\/wp-json\/wp\/v2\/posts\/2458\/revisions\/4250"}],"wp:featuredmedia":[{"embeddable":true,"href":"https:\/\/www.hidralgobel.com\/en\/wp-json\/wp\/v2\/media\/1988"}],"wp:attachment":[{"href":"https:\/\/www.hidralgobel.com\/en\/wp-json\/wp\/v2\/media?parent=2458"}],"wp:term":[{"taxonomy":"category","embeddable":true,"href":"https:\/\/www.hidralgobel.com\/en\/wp-json\/wp\/v2\/categories?post=2458"},{"taxonomy":"post_tag","embeddable":true,"href":"https:\/\/www.hidralgobel.com\/en\/wp-json\/wp\/v2\/tags?post=2458"}],"curies":[{"name":"wp","href":"https:\/\/api.w.org\/{rel}","templated":true}]}}