{"id":4646,"date":"2025-09-29T10:10:06","date_gmt":"2025-09-29T10:10:06","guid":{"rendered":"https:\/\/www.hidralgobel.com\/?p=4646"},"modified":"2025-09-29T10:26:32","modified_gmt":"2025-09-29T10:26:32","slug":"hidral-gobel-colaborador-del-31o-congreso-nacional-de-transporte-publico-en-sevilla","status":"publish","type":"post","link":"https:\/\/www.hidralgobel.com\/en\/hidral-gobel-colaborador-del-31o-congreso-nacional-de-transporte-publico-en-sevilla\/","title":{"rendered":"Hidral Gobel, colaborador del 31\u00ba Congreso Nacional de Transporte P\u00fablico en Sevilla"},"content":{"rendered":"<div data-elementor-type=\"wp-post\" data-elementor-id=\"4646\" class=\"elementor elementor-4646\" data-elementor-post-type=\"post\">\n\t\t\t\t\t\t<section class=\"elementor-section elementor-top-section elementor-element elementor-element-5efa21ef elementor-section-boxed elementor-section-height-default elementor-section-height-default\" data-id=\"5efa21ef\" data-element_type=\"section\" data-e-type=\"section\">\n\t\t\t\t\t\t<div class=\"elementor-container elementor-column-gap-default\">\n\t\t\t\t\t<div class=\"elementor-column elementor-col-100 elementor-top-column elementor-element elementor-element-69ac4a8\" data-id=\"69ac4a8\" data-element_type=\"column\" data-e-type=\"column\">\n\t\t\t<div class=\"elementor-widget-wrap elementor-element-populated\">\n\t\t\t\t\t\t<div class=\"elementor-element elementor-element-3e2911d4 elementor-widget elementor-widget-text-editor\" data-id=\"3e2911d4\" data-element_type=\"widget\" data-e-type=\"widget\" data-widget_type=\"text-editor.default\">\n\t\t\t\t<div class=\"elementor-widget-container\">\n\t\t\t\t\t\t\t\t\t<p data-start=\"350\" data-end=\"737\">Hidral Gobel participa como <strong data-start=\"378\" data-end=\"402\">empresa colaboradora<\/strong> en el <strong data-start=\"409\" data-end=\"456\">31\u00ba Congreso Nacional de Transporte P\u00fablico<\/strong>, celebrado los d\u00edas <strong data-start=\"477\" data-end=\"502\">25 y 26 de septiembre<\/strong> en <strong>Fibes II, Palacio de Exposiciones y Congresos de Sevilla<\/strong>. Este encuentro, organizado por <a href=\"https:\/\/www.atuc.es\/\" target=\"_blank\" rel=\"noopener\"><strong data-start=\"576\" data-end=\"584\">ATUC<\/strong> <\/a>(Asociaci\u00f3n de Transportes P\u00fablicos Urbanos y Metropolitanos), y con <a href=\"https:\/\/www.tussam.es\/es\" target=\"_blank\" rel=\"noopener\"><strong>Tussam<\/strong> <\/a>como empresa anfitriona, es uno de los principales espacios de debate del sector del transporte p\u00fablico en Espa\u00f1a.<\/p>\r\n<p data-start=\"350\" data-end=\"737\">El marco del congreso cont\u00f3 con la exposici\u00f3n de tres autobuses el\u00e9ctricos como muestra del avance tecnol\u00f3gico y del compromiso con la sostenibilidad en el transporte p\u00fablico, dos de estos veh\u00edculos \u2014<strong>un E-Kent de <a href=\"https:\/\/www.otokar.com.tr\/en\" target=\"_blank\" rel=\"noopener\">Otokar<\/a> y un <a href=\"https:\/\/www.byd.com\/es-es\/promociones\/byd-plan-moves-2025?cid=Google|GoogleSearchBrand|BYDESLeadGenSearchBrand2025|MULTI&amp;utm_source=Google&amp;utm_medium=GoogleSearchBrand&amp;utm_campaign=BYDESLeadGenSearchBrand2025&amp;utm_content=MULTI&amp;mktcode=ESA034001457&amp;gad_source=1&amp;gad_campaignid=21813330366&amp;gbraid=0AAAAAqTdU0bekQD51rTH_TIJ8py8PRrzn&amp;gclid=CjwKCAjw89jGBhB0EiwA2o1OnwQGR6BMqbINc09yJh_VJSP4d3b5ah7sphgsXZnfFRJrv6Zrb3MxwhoC7VYQAvD_BwE\" target=\"_blank\" rel=\"noopener\">BYD<\/a> carrozado por <a href=\"https:\/\/www.castrosua.com\/\" target=\"_blank\" rel=\"noopener\">Castrosua<\/a><\/strong>\u2014 contaban con <strong>rampas de acceso suministradas por Hidral Gobel<\/strong>, lo que demuestra la confianza de dos principales fabricantes del sector en las soluciones de accesibilidad de la compa\u00f1\u00eda.<\/p>\r\n<p data-start=\"739\" data-end=\"1027\">Durante dos jornadas, el congreso ha reunido a representantes de administraciones p\u00fablicas, operadores, fabricantes y empresas proveedoras para abordar los principales desaf\u00edos del transporte p\u00fablico urbano y metropolitano: <strong data-start=\"950\" data-end=\"1026\">sostenibilidad, innovaci\u00f3n, financiaci\u00f3n, accesibilidad y digitalizaci\u00f3n<\/strong>.<\/p>\r\n<p data-start=\"739\" data-end=\"1027\">En palabras de <strong>Fabio Sgardi, CEO de Hidral Gobel<\/strong>, <strong>\u201capoyar este tipo de encuentros es fundamental para entender el rumbo del sector, detectar necesidades y ofrecer propuestas innovadoras que hagan del transporte un espacio m\u00e1s humano, eficiente y universal\u201d<\/strong>.<\/p>\r\n<p data-start=\"1029\" data-end=\"1440\">En este contexto, <strong data-start=\"1047\" data-end=\"1063\">Hidral Gobel<\/strong> reafirma su implicaci\u00f3n en la transformaci\u00f3n del transporte como medio inclusivo de movilidad participando activamente como colaborador y trabajando junto a operadores y carroceros para garantizar que el transporte p\u00fablico sea accesible para todas las personas.<\/p>\t\t\t\t\t\t\t\t<\/div>\n\t\t\t\t<\/div>\n\t\t\t\t\t<\/div>\n\t\t<\/div>\n\t\t\t\t\t<\/div>\n\t\t<\/section>\n\t\t\t\t<section class=\"elementor-section elementor-top-section elementor-element elementor-element-128f3de elementor-section-boxed elementor-section-height-default elementor-section-height-default\" data-id=\"128f3de\" data-element_type=\"section\" data-e-type=\"section\">\n\t\t\t\t\t\t<div class=\"elementor-container elementor-column-gap-default\">\n\t\t\t\t\t<div class=\"elementor-column elementor-col-100 elementor-top-column elementor-element elementor-element-96192ee\" data-id=\"96192ee\" data-element_type=\"column\" data-e-type=\"column\">\n\t\t\t<div class=\"elementor-widget-wrap elementor-element-populated\">\n\t\t\t\t\t\t<div class=\"elementor-element elementor-element-a4758db elementor-widget elementor-widget-gallery\" data-id=\"a4758db\" data-element_type=\"widget\" data-e-type=\"widget\" data-settings=\"{&quot;columns&quot;:2,&quot;lazyload&quot;:&quot;yes&quot;,&quot;gallery_layout&quot;:&quot;grid&quot;,&quot;columns_tablet&quot;:2,&quot;columns_mobile&quot;:1,&quot;gap&quot;:{&quot;unit&quot;:&quot;px&quot;,&quot;size&quot;:10,&quot;sizes&quot;:[]},&quot;gap_tablet&quot;:{&quot;unit&quot;:&quot;px&quot;,&quot;size&quot;:10,&quot;sizes&quot;:[]},&quot;gap_mobile&quot;:{&quot;unit&quot;:&quot;px&quot;,&quot;size&quot;:10,&quot;sizes&quot;:[]},&quot;link_to&quot;:&quot;file&quot;,&quot;aspect_ratio&quot;:&quot;3:2&quot;,&quot;overlay_background&quot;:&quot;yes&quot;,&quot;content_hover_animation&quot;:&quot;fade-in&quot;}\" data-widget_type=\"gallery.default\">\n\t\t\t\t<div class=\"elementor-widget-container\">\n\t\t\t\t\t\t\t<div class=\"elementor-gallery__container\">\n\t\t\t\t\t\t\t<a class=\"e-gallery-item elementor-gallery-item elementor-animated-content\" href=\"https:\/\/www.hidralgobel.com\/wp-content\/uploads\/2025\/09\/DSC06891-scaled.jpg\" data-elementor-open-lightbox=\"yes\" data-elementor-lightbox-slideshow=\"a4758db\" data-elementor-lightbox-title=\"3_Hidral Gobel_Atuc 2025\" data-e-action-hash=\"#elementor-action%3Aaction%3Dlightbox%26settings%3DeyJpZCI6NDY1NiwidXJsIjoiaHR0cHM6XC9cL3d3dy5oaWRyYWxnb2JlbC5jb21cL3dwLWNvbnRlbnRcL3VwbG9hZHNcLzIwMjVcLzA5XC9EU0MwNjg5MS1zY2FsZWQuanBnIiwic2xpZGVzaG93IjoiYTQ3NThkYiJ9\">\n\t\t\t\t\t<div class=\"e-gallery-image elementor-gallery-item__image\" data-thumbnail=\"https:\/\/www.hidralgobel.com\/wp-content\/uploads\/2025\/09\/DSC06891-scaled.jpg\" data-width=\"2560\" data-height=\"1707\" aria-label=\"\" role=\"img\" ><\/div>\n\t\t\t\t\t\t\t\t\t\t\t<div class=\"elementor-gallery-item__overlay\"><\/div>\n\t\t\t\t\t\t\t\t\t\t\t\t\t\t<\/a>\n\t\t\t\t\t\t\t<a class=\"e-gallery-item elementor-gallery-item elementor-animated-content\" href=\"https:\/\/www.hidralgobel.com\/wp-content\/uploads\/2025\/09\/DSC06886-scaled.jpg\" data-elementor-open-lightbox=\"yes\" data-elementor-lightbox-slideshow=\"a4758db\" data-elementor-lightbox-title=\"9_Hidral Gobel_Atuc 2025\" data-e-action-hash=\"#elementor-action%3Aaction%3Dlightbox%26settings%3DeyJpZCI6NDY0OSwidXJsIjoiaHR0cHM6XC9cL3d3dy5oaWRyYWxnb2JlbC5jb21cL3dwLWNvbnRlbnRcL3VwbG9hZHNcLzIwMjVcLzA5XC9EU0MwNjg4Ni1zY2FsZWQuanBnIiwic2xpZGVzaG93IjoiYTQ3NThkYiJ9\">\n\t\t\t\t\t<div class=\"e-gallery-image elementor-gallery-item__image\" data-thumbnail=\"https:\/\/www.hidralgobel.com\/wp-content\/uploads\/2025\/09\/DSC06886-scaled.jpg\" data-width=\"2560\" data-height=\"1707\" aria-label=\"\" role=\"img\" ><\/div>\n\t\t\t\t\t\t\t\t\t\t\t<div class=\"elementor-gallery-item__overlay\"><\/div>\n\t\t\t\t\t\t\t\t\t\t\t\t\t\t<\/a>\n\t\t\t\t\t\t\t<a class=\"e-gallery-item elementor-gallery-item elementor-animated-content\" href=\"https:\/\/www.hidralgobel.com\/wp-content\/uploads\/2025\/09\/DSC06871-scaled.jpg\" data-elementor-open-lightbox=\"yes\" data-elementor-lightbox-slideshow=\"a4758db\" data-elementor-lightbox-title=\"6_Hidral Gobel_Atuc 2025\" data-e-action-hash=\"#elementor-action%3Aaction%3Dlightbox%26settings%3DeyJpZCI6NDY1MiwidXJsIjoiaHR0cHM6XC9cL3d3dy5oaWRyYWxnb2JlbC5jb21cL3dwLWNvbnRlbnRcL3VwbG9hZHNcLzIwMjVcLzA5XC9EU0MwNjg3MS1zY2FsZWQuanBnIiwic2xpZGVzaG93IjoiYTQ3NThkYiJ9\">\n\t\t\t\t\t<div class=\"e-gallery-image elementor-gallery-item__image\" data-thumbnail=\"https:\/\/www.hidralgobel.com\/wp-content\/uploads\/2025\/09\/DSC06871-scaled.jpg\" data-width=\"2560\" data-height=\"1707\" aria-label=\"\" role=\"img\" ><\/div>\n\t\t\t\t\t\t\t\t\t\t\t<div class=\"elementor-gallery-item__overlay\"><\/div>\n\t\t\t\t\t\t\t\t\t\t\t\t\t\t<\/a>\n\t\t\t\t\t\t\t<a class=\"e-gallery-item elementor-gallery-item elementor-animated-content\" href=\"https:\/\/www.hidralgobel.com\/wp-content\/uploads\/2025\/09\/DSC06863-scaled.jpg\" data-elementor-open-lightbox=\"yes\" data-elementor-lightbox-slideshow=\"a4758db\" data-elementor-lightbox-title=\"1_Hidral Gobel_Atuc 2025\" data-e-action-hash=\"#elementor-action%3Aaction%3Dlightbox%26settings%3DeyJpZCI6NDY1NywidXJsIjoiaHR0cHM6XC9cL3d3dy5oaWRyYWxnb2JlbC5jb21cL3dwLWNvbnRlbnRcL3VwbG9hZHNcLzIwMjVcLzA5XC9EU0MwNjg2My1zY2FsZWQuanBnIiwic2xpZGVzaG93IjoiYTQ3NThkYiJ9\">\n\t\t\t\t\t<div class=\"e-gallery-image elementor-gallery-item__image\" data-thumbnail=\"https:\/\/www.hidralgobel.com\/wp-content\/uploads\/2025\/09\/DSC06863-scaled.jpg\" data-width=\"2560\" data-height=\"1707\" aria-label=\"\" role=\"img\" ><\/div>\n\t\t\t\t\t\t\t\t\t\t\t<div class=\"elementor-gallery-item__overlay\"><\/div>\n\t\t\t\t\t\t\t\t\t\t\t\t\t\t<\/a>\n\t\t\t\t\t\t\t<a class=\"e-gallery-item elementor-gallery-item elementor-animated-content\" href=\"https:\/\/www.hidralgobel.com\/wp-content\/uploads\/2025\/09\/DSC06837-scaled.jpg\" data-elementor-open-lightbox=\"yes\" data-elementor-lightbox-slideshow=\"a4758db\" data-elementor-lightbox-title=\"5_Hidral Gobel_Atuc 2025\" data-e-action-hash=\"#elementor-action%3Aaction%3Dlightbox%26settings%3DeyJpZCI6NDY1MywidXJsIjoiaHR0cHM6XC9cL3d3dy5oaWRyYWxnb2JlbC5jb21cL3dwLWNvbnRlbnRcL3VwbG9hZHNcLzIwMjVcLzA5XC9EU0MwNjgzNy1zY2FsZWQuanBnIiwic2xpZGVzaG93IjoiYTQ3NThkYiJ9\">\n\t\t\t\t\t<div class=\"e-gallery-image elementor-gallery-item__image\" data-thumbnail=\"https:\/\/www.hidralgobel.com\/wp-content\/uploads\/2025\/09\/DSC06837-scaled.jpg\" data-width=\"2560\" data-height=\"1707\" aria-label=\"\" role=\"img\" ><\/div>\n\t\t\t\t\t\t\t\t\t\t\t<div class=\"elementor-gallery-item__overlay\"><\/div>\n\t\t\t\t\t\t\t\t\t\t\t\t\t\t<\/a>\n\t\t\t\t\t\t\t<a class=\"e-gallery-item elementor-gallery-item elementor-animated-content\" href=\"https:\/\/www.hidralgobel.com\/wp-content\/uploads\/2025\/09\/DSC06876-scaled.jpg\" data-elementor-open-lightbox=\"yes\" data-elementor-lightbox-slideshow=\"a4758db\" data-elementor-lightbox-title=\"7_Hidral Gobel_Atuc 2025\" data-e-action-hash=\"#elementor-action%3Aaction%3Dlightbox%26settings%3DeyJpZCI6NDY1MSwidXJsIjoiaHR0cHM6XC9cL3d3dy5oaWRyYWxnb2JlbC5jb21cL3dwLWNvbnRlbnRcL3VwbG9hZHNcLzIwMjVcLzA5XC9EU0MwNjg3Ni1zY2FsZWQuanBnIiwic2xpZGVzaG93IjoiYTQ3NThkYiJ9\">\n\t\t\t\t\t<div class=\"e-gallery-image elementor-gallery-item__image\" data-thumbnail=\"https:\/\/www.hidralgobel.com\/wp-content\/uploads\/2025\/09\/DSC06876-scaled.jpg\" data-width=\"2560\" data-height=\"1707\" aria-label=\"\" role=\"img\" ><\/div>\n\t\t\t\t\t\t\t\t\t\t\t<div class=\"elementor-gallery-item__overlay\"><\/div>\n\t\t\t\t\t\t\t\t\t\t\t\t\t\t<\/a>\n\t\t\t\t\t\t\t<a class=\"e-gallery-item elementor-gallery-item elementor-animated-content\" href=\"https:\/\/www.hidralgobel.com\/wp-content\/uploads\/2025\/09\/DSC06921-2-scaled.jpg\" data-elementor-open-lightbox=\"yes\" data-elementor-lightbox-slideshow=\"a4758db\" data-elementor-lightbox-title=\"11_Hidral Gobel_Atuc 2025\" data-e-action-hash=\"#elementor-action%3Aaction%3Dlightbox%26settings%3DeyJpZCI6NDY0NywidXJsIjoiaHR0cHM6XC9cL3d3dy5oaWRyYWxnb2JlbC5jb21cL3dwLWNvbnRlbnRcL3VwbG9hZHNcLzIwMjVcLzA5XC9EU0MwNjkyMS0yLXNjYWxlZC5qcGciLCJzbGlkZXNob3ciOiJhNDc1OGRiIn0%3D\">\n\t\t\t\t\t<div class=\"e-gallery-image elementor-gallery-item__image\" data-thumbnail=\"https:\/\/www.hidralgobel.com\/wp-content\/uploads\/2025\/09\/DSC06921-2-scaled.jpg\" data-width=\"2560\" data-height=\"1707\" aria-label=\"\" role=\"img\" ><\/div>\n\t\t\t\t\t\t\t\t\t\t\t<div class=\"elementor-gallery-item__overlay\"><\/div>\n\t\t\t\t\t\t\t\t\t\t\t\t\t\t<\/a>\n\t\t\t\t\t\t\t<a class=\"e-gallery-item elementor-gallery-item elementor-animated-content\" href=\"https:\/\/www.hidralgobel.com\/wp-content\/uploads\/2025\/09\/DSC06898-1-scaled.jpg\" data-elementor-open-lightbox=\"yes\" data-elementor-lightbox-slideshow=\"a4758db\" data-elementor-lightbox-title=\"10_Hidral Gobel_Atuc 2025\" data-e-action-hash=\"#elementor-action%3Aaction%3Dlightbox%26settings%3DeyJpZCI6NDY0OCwidXJsIjoiaHR0cHM6XC9cL3d3dy5oaWRyYWxnb2JlbC5jb21cL3dwLWNvbnRlbnRcL3VwbG9hZHNcLzIwMjVcLzA5XC9EU0MwNjg5OC0xLXNjYWxlZC5qcGciLCJzbGlkZXNob3ciOiJhNDc1OGRiIn0%3D\">\n\t\t\t\t\t<div class=\"e-gallery-image elementor-gallery-item__image\" data-thumbnail=\"https:\/\/www.hidralgobel.com\/wp-content\/uploads\/2025\/09\/DSC06898-1-scaled.jpg\" data-width=\"2560\" data-height=\"1707\" aria-label=\"\" role=\"img\" ><\/div>\n\t\t\t\t\t\t\t\t\t\t\t<div class=\"elementor-gallery-item__overlay\"><\/div>\n\t\t\t\t\t\t\t\t\t\t\t\t\t\t<\/a>\n\t\t\t\t\t\t\t<a class=\"e-gallery-item elementor-gallery-item elementor-animated-content\" href=\"https:\/\/www.hidralgobel.com\/wp-content\/uploads\/2025\/09\/DSC06859-2-scaled.jpg\" data-elementor-open-lightbox=\"yes\" data-elementor-lightbox-slideshow=\"a4758db\" data-elementor-lightbox-title=\"8_Hidral Gobel_Atuc 2025\" data-e-action-hash=\"#elementor-action%3Aaction%3Dlightbox%26settings%3DeyJpZCI6NDY1MCwidXJsIjoiaHR0cHM6XC9cL3d3dy5oaWRyYWxnb2JlbC5jb21cL3dwLWNvbnRlbnRcL3VwbG9hZHNcLzIwMjVcLzA5XC9EU0MwNjg1OS0yLXNjYWxlZC5qcGciLCJzbGlkZXNob3ciOiJhNDc1OGRiIn0%3D\">\n\t\t\t\t\t<div class=\"e-gallery-image elementor-gallery-item__image\" data-thumbnail=\"https:\/\/www.hidralgobel.com\/wp-content\/uploads\/2025\/09\/DSC06859-2-scaled.jpg\" data-width=\"2560\" data-height=\"1707\" aria-label=\"\" role=\"img\" ><\/div>\n\t\t\t\t\t\t\t\t\t\t\t<div class=\"elementor-gallery-item__overlay\"><\/div>\n\t\t\t\t\t\t\t\t\t\t\t\t\t\t<\/a>\n\t\t\t\t\t\t\t<a class=\"e-gallery-item elementor-gallery-item elementor-animated-content\" href=\"https:\/\/www.hidralgobel.com\/wp-content\/uploads\/2025\/09\/DSC06820-scaled.jpg\" data-elementor-open-lightbox=\"yes\" data-elementor-lightbox-slideshow=\"a4758db\" data-elementor-lightbox-title=\"2_Hidral Gobel_Atuc 2025\" data-e-action-hash=\"#elementor-action%3Aaction%3Dlightbox%26settings%3DeyJpZCI6NDY1NSwidXJsIjoiaHR0cHM6XC9cL3d3dy5oaWRyYWxnb2JlbC5jb21cL3dwLWNvbnRlbnRcL3VwbG9hZHNcLzIwMjVcLzA5XC9EU0MwNjgyMC1zY2FsZWQuanBnIiwic2xpZGVzaG93IjoiYTQ3NThkYiJ9\">\n\t\t\t\t\t<div class=\"e-gallery-image elementor-gallery-item__image\" data-thumbnail=\"https:\/\/www.hidralgobel.com\/wp-content\/uploads\/2025\/09\/DSC06820-scaled.jpg\" data-width=\"2560\" data-height=\"1707\" aria-label=\"\" role=\"img\" ><\/div>\n\t\t\t\t\t\t\t\t\t\t\t<div class=\"elementor-gallery-item__overlay\"><\/div>\n\t\t\t\t\t\t\t\t\t\t\t\t\t\t<\/a>\n\t\t\t\t\t\t\t<a class=\"e-gallery-item elementor-gallery-item elementor-animated-content\" href=\"https:\/\/www.hidralgobel.com\/wp-content\/uploads\/2025\/09\/DSC06833-scaled.jpg\" data-elementor-open-lightbox=\"yes\" data-elementor-lightbox-slideshow=\"a4758db\" data-elementor-lightbox-title=\"4_Hidral Gobel_Atuc 2025\" data-e-action-hash=\"#elementor-action%3Aaction%3Dlightbox%26settings%3DeyJpZCI6NDY1NCwidXJsIjoiaHR0cHM6XC9cL3d3dy5oaWRyYWxnb2JlbC5jb21cL3dwLWNvbnRlbnRcL3VwbG9hZHNcLzIwMjVcLzA5XC9EU0MwNjgzMy1zY2FsZWQuanBnIiwic2xpZGVzaG93IjoiYTQ3NThkYiJ9\">\n\t\t\t\t\t<div class=\"e-gallery-image elementor-gallery-item__image\" data-thumbnail=\"https:\/\/www.hidralgobel.com\/wp-content\/uploads\/2025\/09\/DSC06833-scaled.jpg\" data-width=\"2560\" data-height=\"1707\" aria-label=\"\" role=\"img\" ><\/div>\n\t\t\t\t\t\t\t\t\t\t\t<div class=\"elementor-gallery-item__overlay\"><\/div>\n\t\t\t\t\t\t\t\t\t\t\t\t\t\t<\/a>\n\t\t\t\t\t<\/div>\n\t\t\t\t\t<\/div>\n\t\t\t\t<\/div>\n\t\t\t\t\t<\/div>\n\t\t<\/div>\n\t\t\t\t\t<\/div>\n\t\t<\/section>\n\t\t\t\t<\/div>","protected":false},"excerpt":{"rendered":"<p>Hidral Gobel participa como empresa colaboradora en el 31\u00ba Congreso Nacional de Transporte P\u00fablico, celebrado los d\u00edas 25 y 26 de septiembre en Fibes II, Palacio de Exposiciones y Congresos de Sevilla. Este encuentro, organizado por ATUC (Asociaci\u00f3n de Transportes P\u00fablicos Urbanos y Metropolitanos), y con Tussam como empresa anfitriona, es uno de los principales [&hellip;]<\/p>\n","protected":false},"author":11,"featured_media":4655,"comment_status":"open","ping_status":"open","sticky":false,"template":"","format":"standard","meta":{"footnotes":""},"categories":[61],"tags":[],"class_list":["post-4646","post","type-post","status-publish","format-standard","has-post-thumbnail","hentry","category-noticias"],"yoast_head":"<!-- This site is optimized with the Yoast SEO plugin v27.5 - https:\/\/yoast.com\/product\/yoast-seo-wordpress\/ -->\n<title>Hidral Gobel, colaborador del 31\u00ba Congreso Nacional de Transporte P\u00fablico en Sevilla - Hidral Gobel<\/title>\n<meta name=\"robots\" content=\"index, follow, max-snippet:-1, max-image-preview:large, max-video-preview:-1\" \/>\n<link rel=\"canonical\" href=\"https:\/\/www.hidralgobel.com\/en\/hidral-gobel-colaborador-del-31o-congreso-nacional-de-transporte-publico-en-sevilla\/\" \/>\n<meta property=\"og:locale\" content=\"en_GB\" \/>\n<meta property=\"og:type\" content=\"article\" \/>\n<meta property=\"og:title\" content=\"Hidral Gobel, colaborador del 31\u00ba Congreso Nacional de Transporte P\u00fablico en Sevilla - Hidral Gobel\" \/>\n<meta property=\"og:description\" content=\"Hidral Gobel participa como empresa colaboradora en el 31\u00ba Congreso Nacional de Transporte P\u00fablico, celebrado los d\u00edas 25 y 26 de septiembre en Fibes II, Palacio de Exposiciones y Congresos de Sevilla. Este encuentro, organizado por ATUC (Asociaci\u00f3n de Transportes P\u00fablicos Urbanos y Metropolitanos), y con Tussam como empresa anfitriona, es uno de los principales [&hellip;]\" \/>\n<meta property=\"og:url\" content=\"https:\/\/www.hidralgobel.com\/en\/hidral-gobel-colaborador-del-31o-congreso-nacional-de-transporte-publico-en-sevilla\/\" \/>\n<meta property=\"og:site_name\" content=\"Hidral Gobel\" \/>\n<meta property=\"article:published_time\" content=\"2025-09-29T10:10:06+00:00\" \/>\n<meta property=\"article:modified_time\" content=\"2025-09-29T10:26:32+00:00\" \/>\n<meta property=\"og:image\" content=\"https:\/\/www.hidralgobel.com\/wp-content\/uploads\/2025\/09\/DSC06820-scaled.jpg\" \/>\n\t<meta property=\"og:image:width\" content=\"2560\" \/>\n\t<meta property=\"og:image:height\" content=\"1707\" \/>\n\t<meta property=\"og:image:type\" content=\"image\/jpeg\" \/>\n<meta name=\"author\" content=\"angela Fernandez\" \/>\n<meta name=\"twitter:card\" content=\"summary_large_image\" \/>\n<meta name=\"twitter:label1\" content=\"Written by\" \/>\n\t<meta name=\"twitter:data1\" content=\"angela Fernandez\" \/>\n\t<meta name=\"twitter:label2\" content=\"Estimated reading time\" \/>\n\t<meta name=\"twitter:data2\" content=\"2 minutes\" \/>\n<script type=\"application\/ld+json\" class=\"yoast-schema-graph\">{\"@context\":\"https:\\\/\\\/schema.org\",\"@graph\":[{\"@type\":\"Article\",\"@id\":\"https:\\\/\\\/www.hidralgobel.com\\\/hidral-gobel-colaborador-del-31o-congreso-nacional-de-transporte-publico-en-sevilla\\\/#article\",\"isPartOf\":{\"@id\":\"https:\\\/\\\/www.hidralgobel.com\\\/hidral-gobel-colaborador-del-31o-congreso-nacional-de-transporte-publico-en-sevilla\\\/\"},\"author\":{\"name\":\"angela Fernandez\",\"@id\":\"https:\\\/\\\/www.hidralgobel.com\\\/#\\\/schema\\\/person\\\/47400be0608de9a712c011743e794169\"},\"headline\":\"Hidral Gobel, colaborador del 31\u00ba Congreso Nacional de Transporte P\u00fablico en Sevilla\",\"datePublished\":\"2025-09-29T10:10:06+00:00\",\"dateModified\":\"2025-09-29T10:26:32+00:00\",\"mainEntityOfPage\":{\"@id\":\"https:\\\/\\\/www.hidralgobel.com\\\/hidral-gobel-colaborador-del-31o-congreso-nacional-de-transporte-publico-en-sevilla\\\/\"},\"wordCount\":279,\"commentCount\":0,\"publisher\":{\"@id\":\"https:\\\/\\\/www.hidralgobel.com\\\/#organization\"},\"image\":{\"@id\":\"https:\\\/\\\/www.hidralgobel.com\\\/hidral-gobel-colaborador-del-31o-congreso-nacional-de-transporte-publico-en-sevilla\\\/#primaryimage\"},\"thumbnailUrl\":\"https:\\\/\\\/www.hidralgobel.com\\\/wp-content\\\/uploads\\\/2025\\\/09\\\/DSC06820-scaled.jpg\",\"articleSection\":[\"Noticias\"],\"inLanguage\":\"en-GB\",\"potentialAction\":[{\"@type\":\"CommentAction\",\"name\":\"Comment\",\"target\":[\"https:\\\/\\\/www.hidralgobel.com\\\/hidral-gobel-colaborador-del-31o-congreso-nacional-de-transporte-publico-en-sevilla\\\/#respond\"]}]},{\"@type\":\"WebPage\",\"@id\":\"https:\\\/\\\/www.hidralgobel.com\\\/hidral-gobel-colaborador-del-31o-congreso-nacional-de-transporte-publico-en-sevilla\\\/\",\"url\":\"https:\\\/\\\/www.hidralgobel.com\\\/hidral-gobel-colaborador-del-31o-congreso-nacional-de-transporte-publico-en-sevilla\\\/\",\"name\":\"Hidral Gobel, colaborador del 31\u00ba Congreso Nacional de Transporte P\u00fablico en Sevilla - Hidral Gobel\",\"isPartOf\":{\"@id\":\"https:\\\/\\\/www.hidralgobel.com\\\/#website\"},\"primaryImageOfPage\":{\"@id\":\"https:\\\/\\\/www.hidralgobel.com\\\/hidral-gobel-colaborador-del-31o-congreso-nacional-de-transporte-publico-en-sevilla\\\/#primaryimage\"},\"image\":{\"@id\":\"https:\\\/\\\/www.hidralgobel.com\\\/hidral-gobel-colaborador-del-31o-congreso-nacional-de-transporte-publico-en-sevilla\\\/#primaryimage\"},\"thumbnailUrl\":\"https:\\\/\\\/www.hidralgobel.com\\\/wp-content\\\/uploads\\\/2025\\\/09\\\/DSC06820-scaled.jpg\",\"datePublished\":\"2025-09-29T10:10:06+00:00\",\"dateModified\":\"2025-09-29T10:26:32+00:00\",\"breadcrumb\":{\"@id\":\"https:\\\/\\\/www.hidralgobel.com\\\/hidral-gobel-colaborador-del-31o-congreso-nacional-de-transporte-publico-en-sevilla\\\/#breadcrumb\"},\"inLanguage\":\"en-GB\",\"potentialAction\":[{\"@type\":\"ReadAction\",\"target\":[\"https:\\\/\\\/www.hidralgobel.com\\\/hidral-gobel-colaborador-del-31o-congreso-nacional-de-transporte-publico-en-sevilla\\\/\"]}]},{\"@type\":\"ImageObject\",\"inLanguage\":\"en-GB\",\"@id\":\"https:\\\/\\\/www.hidralgobel.com\\\/hidral-gobel-colaborador-del-31o-congreso-nacional-de-transporte-publico-en-sevilla\\\/#primaryimage\",\"url\":\"https:\\\/\\\/www.hidralgobel.com\\\/wp-content\\\/uploads\\\/2025\\\/09\\\/DSC06820-scaled.jpg\",\"contentUrl\":\"https:\\\/\\\/www.hidralgobel.com\\\/wp-content\\\/uploads\\\/2025\\\/09\\\/DSC06820-scaled.jpg\",\"width\":2560,\"height\":1707},{\"@type\":\"BreadcrumbList\",\"@id\":\"https:\\\/\\\/www.hidralgobel.com\\\/hidral-gobel-colaborador-del-31o-congreso-nacional-de-transporte-publico-en-sevilla\\\/#breadcrumb\",\"itemListElement\":[{\"@type\":\"ListItem\",\"position\":1,\"name\":\"Portada\",\"item\":\"https:\\\/\\\/www.hidralgobel.com\\\/\"},{\"@type\":\"ListItem\",\"position\":2,\"name\":\"Hidral Gobel, colaborador del 31\u00ba Congreso Nacional de Transporte P\u00fablico en Sevilla\"}]},{\"@type\":\"WebSite\",\"@id\":\"https:\\\/\\\/www.hidralgobel.com\\\/#website\",\"url\":\"https:\\\/\\\/www.hidralgobel.com\\\/\",\"name\":\"Hidral Gobel\",\"description\":\"Fabricamos soluciones de accesibilidad   para los viajeros con movilidad reducida.\",\"publisher\":{\"@id\":\"https:\\\/\\\/www.hidralgobel.com\\\/#organization\"},\"potentialAction\":[{\"@type\":\"SearchAction\",\"target\":{\"@type\":\"EntryPoint\",\"urlTemplate\":\"https:\\\/\\\/www.hidralgobel.com\\\/?s={search_term_string}\"},\"query-input\":{\"@type\":\"PropertyValueSpecification\",\"valueRequired\":true,\"valueName\":\"search_term_string\"}}],\"inLanguage\":\"en-GB\"},{\"@type\":\"Organization\",\"@id\":\"https:\\\/\\\/www.hidralgobel.com\\\/#organization\",\"name\":\"Hidral Gobel\",\"url\":\"https:\\\/\\\/www.hidralgobel.com\\\/\",\"logo\":{\"@type\":\"ImageObject\",\"inLanguage\":\"en-GB\",\"@id\":\"https:\\\/\\\/www.hidralgobel.com\\\/#\\\/schema\\\/logo\\\/image\\\/\",\"url\":\"https:\\\/\\\/www.hidralgobel.com\\\/wp-content\\\/uploads\\\/2023\\\/04\\\/Logotipo-Hidral-Gobel-2023_sin-fondo.png\",\"contentUrl\":\"https:\\\/\\\/www.hidralgobel.com\\\/wp-content\\\/uploads\\\/2023\\\/04\\\/Logotipo-Hidral-Gobel-2023_sin-fondo.png\",\"width\":1754,\"height\":1241,\"caption\":\"Hidral Gobel\"},\"image\":{\"@id\":\"https:\\\/\\\/www.hidralgobel.com\\\/#\\\/schema\\\/logo\\\/image\\\/\"}},{\"@type\":\"Person\",\"@id\":\"https:\\\/\\\/www.hidralgobel.com\\\/#\\\/schema\\\/person\\\/47400be0608de9a712c011743e794169\",\"name\":\"angela Fernandez\",\"image\":{\"@type\":\"ImageObject\",\"inLanguage\":\"en-GB\",\"@id\":\"https:\\\/\\\/secure.gravatar.com\\\/avatar\\\/b872b7fe72300e3789eb4f4b7dfe0bd204973d3905745eb4d83c4fa7021d95c9?s=96&d=mm&r=g\",\"url\":\"https:\\\/\\\/secure.gravatar.com\\\/avatar\\\/b872b7fe72300e3789eb4f4b7dfe0bd204973d3905745eb4d83c4fa7021d95c9?s=96&d=mm&r=g\",\"contentUrl\":\"https:\\\/\\\/secure.gravatar.com\\\/avatar\\\/b872b7fe72300e3789eb4f4b7dfe0bd204973d3905745eb4d83c4fa7021d95c9?s=96&d=mm&r=g\",\"caption\":\"angela Fernandez\"},\"url\":\"https:\\\/\\\/www.hidralgobel.com\\\/en\\\/author\\\/angela\\\/\"}]}<\/script>\n<!-- \/ Yoast SEO plugin. -->","yoast_head_json":{"title":"Hidral Gobel, colaborador del 31\u00ba Congreso Nacional de Transporte P\u00fablico en Sevilla - Hidral Gobel","robots":{"index":"index","follow":"follow","max-snippet":"max-snippet:-1","max-image-preview":"max-image-preview:large","max-video-preview":"max-video-preview:-1"},"canonical":"https:\/\/www.hidralgobel.com\/en\/hidral-gobel-colaborador-del-31o-congreso-nacional-de-transporte-publico-en-sevilla\/","og_locale":"en_GB","og_type":"article","og_title":"Hidral Gobel, colaborador del 31\u00ba Congreso Nacional de Transporte P\u00fablico en Sevilla - Hidral Gobel","og_description":"Hidral Gobel participa como empresa colaboradora en el 31\u00ba Congreso Nacional de Transporte P\u00fablico, celebrado los d\u00edas 25 y 26 de septiembre en Fibes II, Palacio de Exposiciones y Congresos de Sevilla. Este encuentro, organizado por ATUC (Asociaci\u00f3n de Transportes P\u00fablicos Urbanos y Metropolitanos), y con Tussam como empresa anfitriona, es uno de los principales [&hellip;]","og_url":"https:\/\/www.hidralgobel.com\/en\/hidral-gobel-colaborador-del-31o-congreso-nacional-de-transporte-publico-en-sevilla\/","og_site_name":"Hidral Gobel","article_published_time":"2025-09-29T10:10:06+00:00","article_modified_time":"2025-09-29T10:26:32+00:00","og_image":[{"width":2560,"height":1707,"url":"https:\/\/www.hidralgobel.com\/wp-content\/uploads\/2025\/09\/DSC06820-scaled.jpg","type":"image\/jpeg"}],"author":"angela Fernandez","twitter_card":"summary_large_image","twitter_misc":{"Written by":"angela Fernandez","Estimated reading time":"2 minutes"},"schema":{"@context":"https:\/\/schema.org","@graph":[{"@type":"Article","@id":"https:\/\/www.hidralgobel.com\/hidral-gobel-colaborador-del-31o-congreso-nacional-de-transporte-publico-en-sevilla\/#article","isPartOf":{"@id":"https:\/\/www.hidralgobel.com\/hidral-gobel-colaborador-del-31o-congreso-nacional-de-transporte-publico-en-sevilla\/"},"author":{"name":"angela Fernandez","@id":"https:\/\/www.hidralgobel.com\/#\/schema\/person\/47400be0608de9a712c011743e794169"},"headline":"Hidral Gobel, colaborador del 31\u00ba Congreso Nacional de Transporte P\u00fablico en Sevilla","datePublished":"2025-09-29T10:10:06+00:00","dateModified":"2025-09-29T10:26:32+00:00","mainEntityOfPage":{"@id":"https:\/\/www.hidralgobel.com\/hidral-gobel-colaborador-del-31o-congreso-nacional-de-transporte-publico-en-sevilla\/"},"wordCount":279,"commentCount":0,"publisher":{"@id":"https:\/\/www.hidralgobel.com\/#organization"},"image":{"@id":"https:\/\/www.hidralgobel.com\/hidral-gobel-colaborador-del-31o-congreso-nacional-de-transporte-publico-en-sevilla\/#primaryimage"},"thumbnailUrl":"https:\/\/www.hidralgobel.com\/wp-content\/uploads\/2025\/09\/DSC06820-scaled.jpg","articleSection":["Noticias"],"inLanguage":"en-GB","potentialAction":[{"@type":"CommentAction","name":"Comment","target":["https:\/\/www.hidralgobel.com\/hidral-gobel-colaborador-del-31o-congreso-nacional-de-transporte-publico-en-sevilla\/#respond"]}]},{"@type":"WebPage","@id":"https:\/\/www.hidralgobel.com\/hidral-gobel-colaborador-del-31o-congreso-nacional-de-transporte-publico-en-sevilla\/","url":"https:\/\/www.hidralgobel.com\/hidral-gobel-colaborador-del-31o-congreso-nacional-de-transporte-publico-en-sevilla\/","name":"Hidral Gobel, colaborador del 31\u00ba Congreso Nacional de Transporte P\u00fablico en Sevilla - Hidral Gobel","isPartOf":{"@id":"https:\/\/www.hidralgobel.com\/#website"},"primaryImageOfPage":{"@id":"https:\/\/www.hidralgobel.com\/hidral-gobel-colaborador-del-31o-congreso-nacional-de-transporte-publico-en-sevilla\/#primaryimage"},"image":{"@id":"https:\/\/www.hidralgobel.com\/hidral-gobel-colaborador-del-31o-congreso-nacional-de-transporte-publico-en-sevilla\/#primaryimage"},"thumbnailUrl":"https:\/\/www.hidralgobel.com\/wp-content\/uploads\/2025\/09\/DSC06820-scaled.jpg","datePublished":"2025-09-29T10:10:06+00:00","dateModified":"2025-09-29T10:26:32+00:00","breadcrumb":{"@id":"https:\/\/www.hidralgobel.com\/hidral-gobel-colaborador-del-31o-congreso-nacional-de-transporte-publico-en-sevilla\/#breadcrumb"},"inLanguage":"en-GB","potentialAction":[{"@type":"ReadAction","target":["https:\/\/www.hidralgobel.com\/hidral-gobel-colaborador-del-31o-congreso-nacional-de-transporte-publico-en-sevilla\/"]}]},{"@type":"ImageObject","inLanguage":"en-GB","@id":"https:\/\/www.hidralgobel.com\/hidral-gobel-colaborador-del-31o-congreso-nacional-de-transporte-publico-en-sevilla\/#primaryimage","url":"https:\/\/www.hidralgobel.com\/wp-content\/uploads\/2025\/09\/DSC06820-scaled.jpg","contentUrl":"https:\/\/www.hidralgobel.com\/wp-content\/uploads\/2025\/09\/DSC06820-scaled.jpg","width":2560,"height":1707},{"@type":"BreadcrumbList","@id":"https:\/\/www.hidralgobel.com\/hidral-gobel-colaborador-del-31o-congreso-nacional-de-transporte-publico-en-sevilla\/#breadcrumb","itemListElement":[{"@type":"ListItem","position":1,"name":"Portada","item":"https:\/\/www.hidralgobel.com\/"},{"@type":"ListItem","position":2,"name":"Hidral Gobel, colaborador del 31\u00ba Congreso Nacional de Transporte P\u00fablico en Sevilla"}]},{"@type":"WebSite","@id":"https:\/\/www.hidralgobel.com\/#website","url":"https:\/\/www.hidralgobel.com\/","name":"Hidral Gobel","description":"Fabricamos soluciones de accesibilidad   para los viajeros con movilidad reducida.","publisher":{"@id":"https:\/\/www.hidralgobel.com\/#organization"},"potentialAction":[{"@type":"SearchAction","target":{"@type":"EntryPoint","urlTemplate":"https:\/\/www.hidralgobel.com\/?s={search_term_string}"},"query-input":{"@type":"PropertyValueSpecification","valueRequired":true,"valueName":"search_term_string"}}],"inLanguage":"en-GB"},{"@type":"Organization","@id":"https:\/\/www.hidralgobel.com\/#organization","name":"Hidral Gobel","url":"https:\/\/www.hidralgobel.com\/","logo":{"@type":"ImageObject","inLanguage":"en-GB","@id":"https:\/\/www.hidralgobel.com\/#\/schema\/logo\/image\/","url":"https:\/\/www.hidralgobel.com\/wp-content\/uploads\/2023\/04\/Logotipo-Hidral-Gobel-2023_sin-fondo.png","contentUrl":"https:\/\/www.hidralgobel.com\/wp-content\/uploads\/2023\/04\/Logotipo-Hidral-Gobel-2023_sin-fondo.png","width":1754,"height":1241,"caption":"Hidral Gobel"},"image":{"@id":"https:\/\/www.hidralgobel.com\/#\/schema\/logo\/image\/"}},{"@type":"Person","@id":"https:\/\/www.hidralgobel.com\/#\/schema\/person\/47400be0608de9a712c011743e794169","name":"angela Fernandez","image":{"@type":"ImageObject","inLanguage":"en-GB","@id":"https:\/\/secure.gravatar.com\/avatar\/b872b7fe72300e3789eb4f4b7dfe0bd204973d3905745eb4d83c4fa7021d95c9?s=96&d=mm&r=g","url":"https:\/\/secure.gravatar.com\/avatar\/b872b7fe72300e3789eb4f4b7dfe0bd204973d3905745eb4d83c4fa7021d95c9?s=96&d=mm&r=g","contentUrl":"https:\/\/secure.gravatar.com\/avatar\/b872b7fe72300e3789eb4f4b7dfe0bd204973d3905745eb4d83c4fa7021d95c9?s=96&d=mm&r=g","caption":"angela Fernandez"},"url":"https:\/\/www.hidralgobel.com\/en\/author\/angela\/"}]}},"_links":{"self":[{"href":"https:\/\/www.hidralgobel.com\/en\/wp-json\/wp\/v2\/posts\/4646","targetHints":{"allow":["GET"]}}],"collection":[{"href":"https:\/\/www.hidralgobel.com\/en\/wp-json\/wp\/v2\/posts"}],"about":[{"href":"https:\/\/www.hidralgobel.com\/en\/wp-json\/wp\/v2\/types\/post"}],"author":[{"embeddable":true,"href":"https:\/\/www.hidralgobel.com\/en\/wp-json\/wp\/v2\/users\/11"}],"replies":[{"embeddable":true,"href":"https:\/\/www.hidralgobel.com\/en\/wp-json\/wp\/v2\/comments?post=4646"}],"version-history":[{"count":13,"href":"https:\/\/www.hidralgobel.com\/en\/wp-json\/wp\/v2\/posts\/4646\/revisions"}],"predecessor-version":[{"id":4673,"href":"https:\/\/www.hidralgobel.com\/en\/wp-json\/wp\/v2\/posts\/4646\/revisions\/4673"}],"wp:featuredmedia":[{"embeddable":true,"href":"https:\/\/www.hidralgobel.com\/en\/wp-json\/wp\/v2\/media\/4655"}],"wp:attachment":[{"href":"https:\/\/www.hidralgobel.com\/en\/wp-json\/wp\/v2\/media?parent=4646"}],"wp:term":[{"taxonomy":"category","embeddable":true,"href":"https:\/\/www.hidralgobel.com\/en\/wp-json\/wp\/v2\/categories?post=4646"},{"taxonomy":"post_tag","embeddable":true,"href":"https:\/\/www.hidralgobel.com\/en\/wp-json\/wp\/v2\/tags?post=4646"}],"curies":[{"name":"wp","href":"https:\/\/api.w.org\/{rel}","templated":true}]}}