{"id":2493,"date":"2023-09-18T09:04:30","date_gmt":"2023-09-18T09:04:30","guid":{"rendered":"https:\/\/www.hidralgobel.com\/?p=2493"},"modified":"2024-12-18T16:17:22","modified_gmt":"2024-12-18T16:17:22","slug":"la-compania-avanza-se-une-a-nuestro-manifiesto-por-un-transporte-urbano-para-todas-las-personas","status":"publish","type":"post","link":"https:\/\/www.hidralgobel.com\/fr\/la-compania-avanza-se-une-a-nuestro-manifiesto-por-un-transporte-urbano-para-todas-las-personas\/","title":{"rendered":"La compa\u00f1\u00eda Avanza se une a nuestro \u201cManifiesto por un transporte urbano para todas las personas\u201d"},"content":{"rendered":"<div data-elementor-type=\"wp-post\" data-elementor-id=\"2493\" class=\"elementor elementor-2493\" data-elementor-post-type=\"post\">\n\t\t\t\t\t\t<section class=\"elementor-section elementor-top-section elementor-element elementor-element-2310aaa4 elementor-section-boxed elementor-section-height-default elementor-section-height-default\" data-id=\"2310aaa4\" data-element_type=\"section\" data-e-type=\"section\" data-settings=\"{&quot;background_background&quot;:&quot;classic&quot;}\">\n\t\t\t\t\t\t<div class=\"elementor-container elementor-column-gap-default\">\n\t\t\t\t\t<div class=\"elementor-column elementor-col-100 elementor-top-column elementor-element elementor-element-20bcddba\" data-id=\"20bcddba\" data-element_type=\"column\" data-e-type=\"column\">\n\t\t\t<div class=\"elementor-widget-wrap elementor-element-populated\">\n\t\t\t\t\t\t<div class=\"elementor-element elementor-element-34b90feb elementor-widget elementor-widget-spacer\" data-id=\"34b90feb\" data-element_type=\"widget\" data-e-type=\"widget\" data-widget_type=\"spacer.default\">\n\t\t\t\t<div class=\"elementor-widget-container\">\n\t\t\t\t\t\t\t<div class=\"elementor-spacer\">\n\t\t\t<div class=\"elementor-spacer-inner\"><\/div>\n\t\t<\/div>\n\t\t\t\t\t\t<\/div>\n\t\t\t\t<\/div>\n\t\t\t\t<div class=\"elementor-element elementor-element-54165455 elementor-widget elementor-widget-heading\" data-id=\"54165455\" data-element_type=\"widget\" data-e-type=\"widget\" data-widget_type=\"heading.default\">\n\t\t\t\t<div class=\"elementor-widget-container\">\n\t\t\t\t\t<h2 class=\"elementor-heading-title elementor-size-default\">La compa\u00f1\u00eda Avanza se une a nuestro \u201cManifiesto por un transporte urbano para todas las personas\u201d<\/h2>\t\t\t\t<\/div>\n\t\t\t\t<\/div>\n\t\t\t\t<div class=\"elementor-element elementor-element-3bf3544c elementor-widget elementor-widget-spacer\" data-id=\"3bf3544c\" data-element_type=\"widget\" data-e-type=\"widget\" data-widget_type=\"spacer.default\">\n\t\t\t\t<div class=\"elementor-widget-container\">\n\t\t\t\t\t\t\t<div class=\"elementor-spacer\">\n\t\t\t<div class=\"elementor-spacer-inner\"><\/div>\n\t\t<\/div>\n\t\t\t\t\t\t<\/div>\n\t\t\t\t<\/div>\n\t\t\t\t\t<\/div>\n\t\t<\/div>\n\t\t\t\t\t<\/div>\n\t\t<\/section>\n\t\t\t\t<section class=\"elementor-section elementor-top-section elementor-element elementor-element-5a46f763 elementor-section-boxed elementor-section-height-default elementor-section-height-default\" data-id=\"5a46f763\" data-element_type=\"section\" data-e-type=\"section\">\n\t\t\t\t\t\t<div class=\"elementor-container elementor-column-gap-default\">\n\t\t\t\t\t<div class=\"elementor-column elementor-col-33 elementor-top-column elementor-element elementor-element-240f0890\" data-id=\"240f0890\" data-element_type=\"column\" data-e-type=\"column\">\n\t\t\t<div class=\"elementor-widget-wrap\">\n\t\t\t\t\t\t\t<\/div>\n\t\t<\/div>\n\t\t\t\t<div class=\"elementor-column elementor-col-33 elementor-top-column elementor-element elementor-element-46bd61c8\" data-id=\"46bd61c8\" data-element_type=\"column\" data-e-type=\"column\">\n\t\t\t<div class=\"elementor-widget-wrap elementor-element-populated\">\n\t\t\t\t\t\t<div class=\"elementor-element elementor-element-1126f86d elementor-widget elementor-widget-image\" data-id=\"1126f86d\" data-element_type=\"widget\" data-e-type=\"widget\" data-widget_type=\"image.default\">\n\t\t\t\t<div class=\"elementor-widget-container\">\n\t\t\t\t\t\t\t\t\t\t\t\t\t\t\t<img fetchpriority=\"high\" decoding=\"async\" width=\"735\" height=\"495\" src=\"https:\/\/www.hidralgobel.com\/wp-content\/uploads\/2023\/09\/Captura-de-pantalla-2023-09-21-173726.png\" class=\"attachment-large size-large wp-image-2495\" alt=\"\" srcset=\"https:\/\/www.hidralgobel.com\/wp-content\/uploads\/2023\/09\/Captura-de-pantalla-2023-09-21-173726.png 735w, https:\/\/www.hidralgobel.com\/wp-content\/uploads\/2023\/09\/Captura-de-pantalla-2023-09-21-173726-300x202.png 300w, https:\/\/www.hidralgobel.com\/wp-content\/uploads\/2023\/09\/Captura-de-pantalla-2023-09-21-173726-18x12.png 18w\" sizes=\"(max-width: 735px) 100vw, 735px\" \/>\t\t\t\t\t\t\t\t\t\t\t\t\t\t\t<\/div>\n\t\t\t\t<\/div>\n\t\t\t\t\t<\/div>\n\t\t<\/div>\n\t\t\t\t<div class=\"elementor-column elementor-col-33 elementor-top-column elementor-element elementor-element-1183dc7a\" data-id=\"1183dc7a\" data-element_type=\"column\" data-e-type=\"column\">\n\t\t\t<div class=\"elementor-widget-wrap\">\n\t\t\t\t\t\t\t<\/div>\n\t\t<\/div>\n\t\t\t\t\t<\/div>\n\t\t<\/section>\n\t\t\t\t<section class=\"elementor-section elementor-top-section elementor-element elementor-element-29909dab elementor-section-boxed elementor-section-height-default elementor-section-height-default\" data-id=\"29909dab\" data-element_type=\"section\" data-e-type=\"section\">\n\t\t\t\t\t\t<div class=\"elementor-container elementor-column-gap-default\">\n\t\t\t\t\t<div class=\"elementor-column elementor-col-100 elementor-top-column elementor-element elementor-element-71340a7e\" data-id=\"71340a7e\" data-element_type=\"column\" data-e-type=\"column\">\n\t\t\t<div class=\"elementor-widget-wrap elementor-element-populated\">\n\t\t\t\t\t\t<div class=\"elementor-element elementor-element-62ddad70 elementor-widget elementor-widget-text-editor\" data-id=\"62ddad70\" data-element_type=\"widget\" data-e-type=\"widget\" data-widget_type=\"text-editor.default\">\n\t\t\t\t<div class=\"elementor-widget-container\">\n\t\t\t\t\t\t\t\t\t<p><span style=\"font-weight: 400;\">Dentro del marco de celebraci\u00f3n de la cumbre UITP Global Public Transport Summit 2023, Hidral Gobel ha tenido la oportunidad de seguir progresando en la promoci\u00f3n y concienciaci\u00f3n para la accesibilidad universal e inclusiva en el transporte p\u00fablico. En esta ocasi\u00f3n, la compa\u00f1\u00eda <\/span><a href=\"https:\/\/www.avanzabus.com\/\"><span style=\"font-weight: 400;\">Avanza<\/span><\/a><span style=\"font-weight: 400;\">, a trav\u00e9s de su director de movilidad interurbana, Jos\u00e9 Luis\u00a0 Rom\u00e1n, se ha unido al \u201cManifiesto por un transporte urbano para todas las personas\u201d.<\/span><\/p><p><span style=\"font-weight: 400;\">En la firma del documento han participado tambi\u00e9n Jes\u00fas Hern\u00e1ndez-Gal\u00e1n, director de Accesibilidad e Innovaci\u00f3n en <\/span><a href=\"https:\/\/www.fundaciononce.es\/es\"><span style=\"font-weight: 400;\">Fundaci\u00f3n ONCE<\/span><\/a><span style=\"font-weight: 400;\">, y Rafael Barbadillo, presidente de <\/span><a href=\"http:\/\/www.confebus.org\/\"><span style=\"font-weight: 400;\">CONFEBUS<\/span><\/a><span style=\"font-weight: 400;\">, dos organizaciones que han apoyado y colaborado en la creaci\u00f3n del Manifiesto redactado el pasado mes de octubre en el encuentro &#8216;Impulsando un transporte urbano para todas las personas&#8217; en Sevilla.<\/span><\/p><p><span style=\"font-weight: 400;\">Tras las firmas de <\/span><a href=\"https:\/\/www.alsa.es\/\"><span style=\"font-weight: 400;\">ALSA<\/span><\/a><span style=\"font-weight: 400;\">, <\/span><a href=\"https:\/\/www.aisa-grupo.com\/es\/\"><span style=\"font-weight: 400;\">AISA<\/span><\/a><span style=\"font-weight: 400;\"> y <\/span><a href=\"https:\/\/www.tussam.es\/es\"><span style=\"font-weight: 400;\">TUSSAM<\/span><\/a><span style=\"font-weight: 400;\">, Avanza engrosa la lista de aliados en la tarea de garantizar que las personas con discapacidad tengan las mismas oportunidades de desplazamiento y puedan viajar en los mismos medios de transporte que el resto de la poblaci\u00f3n.\u00a0<\/span><\/p><p><span style=\"font-weight: 400;\">*Foto: Rafael Barbadillo, presidente de CONFEBUS; Jes\u00fas Hern\u00e1ndez-Gal\u00e1n, director de Accesibilidad e Innovaci\u00f3n en Fundaci\u00f3n ONCE; Jos\u00e9 Luis\u00a0 Rom\u00e1n, director de movilidad interurbana en Avanza y Fabio Sgardi, CEO de Hidral Gobel.<\/span><\/p>\t\t\t\t\t\t\t\t<\/div>\n\t\t\t\t<\/div>\n\t\t\t\t\t<\/div>\n\t\t<\/div>\n\t\t\t\t\t<\/div>\n\t\t<\/section>\n\t\t\t\t<section class=\"elementor-section elementor-top-section elementor-element elementor-element-edf8fef elementor-section-boxed elementor-section-height-default elementor-section-height-default\" data-id=\"edf8fef\" data-element_type=\"section\" data-e-type=\"section\">\n\t\t\t\t\t\t<div class=\"elementor-container elementor-column-gap-default\">\n\t\t\t\t\t<div class=\"elementor-column elementor-col-33 elementor-top-column elementor-element elementor-element-380a0262\" data-id=\"380a0262\" data-element_type=\"column\" data-e-type=\"column\">\n\t\t\t<div class=\"elementor-widget-wrap elementor-element-populated\">\n\t\t\t\t\t\t<div class=\"elementor-element elementor-element-507d501e elementor-align-left elementor-mobile-align-center elementor-widget elementor-widget-button\" data-id=\"507d501e\" data-element_type=\"widget\" data-e-type=\"widget\" data-widget_type=\"button.default\">\n\t\t\t\t<div class=\"elementor-widget-container\">\n\t\t\t\t\t\t\t\t\t<div class=\"elementor-button-wrapper\">\n\t\t\t\t\t<a class=\"elementor-button elementor-button-link elementor-size-md elementor-animation-shrink\" href=\"https:\/\/www.hidralgobel.com\/fr\/blog\/\">\n\t\t\t\t\t\t<span class=\"elementor-button-content-wrapper\">\n\t\t\t\t\t\t<span class=\"elementor-button-icon\">\n\t\t\t\t<i aria-hidden=\"true\" class=\"fas fa-long-arrow-alt-right\"><\/i>\t\t\t<\/span>\n\t\t\t\t\t\t\t\t\t<span class=\"elementor-button-text\">Actualit\u00e9s<\/span>\n\t\t\t\t\t<\/span>\n\t\t\t\t\t<\/a>\n\t\t\t\t<\/div>\n\t\t\t\t\t\t\t\t<\/div>\n\t\t\t\t<\/div>\n\t\t\t\t\t<\/div>\n\t\t<\/div>\n\t\t\t\t<div class=\"elementor-column elementor-col-33 elementor-top-column elementor-element elementor-element-6a3751da\" data-id=\"6a3751da\" data-element_type=\"column\" data-e-type=\"column\">\n\t\t\t<div class=\"elementor-widget-wrap\">\n\t\t\t\t\t\t\t<\/div>\n\t\t<\/div>\n\t\t\t\t<div class=\"elementor-column elementor-col-33 elementor-top-column elementor-element elementor-element-656a97ce\" data-id=\"656a97ce\" data-element_type=\"column\" data-e-type=\"column\">\n\t\t\t<div class=\"elementor-widget-wrap\">\n\t\t\t\t\t\t\t<\/div>\n\t\t<\/div>\n\t\t\t\t\t<\/div>\n\t\t<\/section>\n\t\t\t\t<\/div>","protected":false},"excerpt":{"rendered":"<p>La compa\u00f1\u00eda Avanza se une a nuestro \u201cManifiesto por un transporte urbano para todas las personas\u201d Dentro del marco de celebraci\u00f3n de la cumbre UITP Global Public Transport Summit 2023, Hidral Gobel ha tenido la oportunidad de seguir progresando en la promoci\u00f3n y concienciaci\u00f3n para la accesibilidad universal e inclusiva en el transporte p\u00fablico. En [&hellip;]<\/p>\n","protected":false},"author":1,"featured_media":2495,"comment_status":"open","ping_status":"open","sticky":false,"template":"elementor_header_footer","format":"standard","meta":{"footnotes":""},"categories":[1],"tags":[],"class_list":["post-2493","post","type-post","status-publish","format-standard","has-post-thumbnail","hentry","category-sin-categoria"],"yoast_head":"<!-- This site is optimized with the Yoast SEO plugin v27.5 - https:\/\/yoast.com\/product\/yoast-seo-wordpress\/ -->\n<title>La compa\u00f1\u00eda Avanza se une a nuestro \u201cManifiesto por un transporte urbano para todas las personas\u201d - Hidral Gobel<\/title>\n<meta name=\"robots\" content=\"index, follow, max-snippet:-1, max-image-preview:large, max-video-preview:-1\" \/>\n<link rel=\"canonical\" href=\"https:\/\/www.hidralgobel.com\/fr\/la-compania-avanza-se-une-a-nuestro-manifiesto-por-un-transporte-urbano-para-todas-las-personas\/\" \/>\n<meta property=\"og:locale\" content=\"fr_FR\" \/>\n<meta property=\"og:type\" content=\"article\" \/>\n<meta property=\"og:title\" content=\"La compa\u00f1\u00eda Avanza se une a nuestro \u201cManifiesto por un transporte urbano para todas las personas\u201d - Hidral Gobel\" \/>\n<meta property=\"og:description\" content=\"La compa\u00f1\u00eda Avanza se une a nuestro \u201cManifiesto por un transporte urbano para todas las personas\u201d Dentro del marco de celebraci\u00f3n de la cumbre UITP Global Public Transport Summit 2023, Hidral Gobel ha tenido la oportunidad de seguir progresando en la promoci\u00f3n y concienciaci\u00f3n para la accesibilidad universal e inclusiva en el transporte p\u00fablico. En [&hellip;]\" \/>\n<meta property=\"og:url\" content=\"https:\/\/www.hidralgobel.com\/fr\/la-compania-avanza-se-une-a-nuestro-manifiesto-por-un-transporte-urbano-para-todas-las-personas\/\" \/>\n<meta property=\"og:site_name\" content=\"Hidral Gobel\" \/>\n<meta property=\"article:published_time\" content=\"2023-09-18T09:04:30+00:00\" \/>\n<meta property=\"article:modified_time\" content=\"2024-12-18T16:17:22+00:00\" \/>\n<meta property=\"og:image\" content=\"https:\/\/www.hidralgobel.com\/wp-content\/uploads\/2023\/09\/Captura-de-pantalla-2023-09-21-173726.png\" \/>\n\t<meta property=\"og:image:width\" content=\"735\" \/>\n\t<meta property=\"og:image:height\" content=\"495\" \/>\n\t<meta property=\"og:image:type\" content=\"image\/png\" \/>\n<meta name=\"author\" content=\"cronicai\" \/>\n<meta name=\"twitter:card\" content=\"summary_large_image\" \/>\n<meta name=\"twitter:label1\" content=\"\u00c9crit par\" \/>\n\t<meta name=\"twitter:data1\" content=\"cronicai\" \/>\n\t<meta name=\"twitter:label2\" content=\"Dur\u00e9e de lecture estim\u00e9e\" \/>\n\t<meta name=\"twitter:data2\" content=\"2 minutes\" \/>\n<script type=\"application\/ld+json\" class=\"yoast-schema-graph\">{\"@context\":\"https:\\\/\\\/schema.org\",\"@graph\":[{\"@type\":\"Article\",\"@id\":\"https:\\\/\\\/www.hidralgobel.com\\\/la-compania-avanza-se-une-a-nuestro-manifiesto-por-un-transporte-urbano-para-todas-las-personas\\\/#article\",\"isPartOf\":{\"@id\":\"https:\\\/\\\/www.hidralgobel.com\\\/la-compania-avanza-se-une-a-nuestro-manifiesto-por-un-transporte-urbano-para-todas-las-personas\\\/\"},\"author\":{\"name\":\"cronicai\",\"@id\":\"https:\\\/\\\/www.hidralgobel.com\\\/#\\\/schema\\\/person\\\/2c77d0dd86e38c005d0a59fde9bb7240\"},\"headline\":\"La compa\u00f1\u00eda Avanza se une a nuestro \u201cManifiesto por un transporte urbano para todas las personas\u201d\",\"datePublished\":\"2023-09-18T09:04:30+00:00\",\"dateModified\":\"2024-12-18T16:17:22+00:00\",\"mainEntityOfPage\":{\"@id\":\"https:\\\/\\\/www.hidralgobel.com\\\/la-compania-avanza-se-une-a-nuestro-manifiesto-por-un-transporte-urbano-para-todas-las-personas\\\/\"},\"wordCount\":256,\"commentCount\":0,\"publisher\":{\"@id\":\"https:\\\/\\\/www.hidralgobel.com\\\/#organization\"},\"image\":{\"@id\":\"https:\\\/\\\/www.hidralgobel.com\\\/la-compania-avanza-se-une-a-nuestro-manifiesto-por-un-transporte-urbano-para-todas-las-personas\\\/#primaryimage\"},\"thumbnailUrl\":\"https:\\\/\\\/www.hidralgobel.com\\\/wp-content\\\/uploads\\\/2023\\\/09\\\/Captura-de-pantalla-2023-09-21-173726.png\",\"articleSection\":[\"Sin categor\u00eda\"],\"inLanguage\":\"fr-FR\",\"potentialAction\":[{\"@type\":\"CommentAction\",\"name\":\"Comment\",\"target\":[\"https:\\\/\\\/www.hidralgobel.com\\\/la-compania-avanza-se-une-a-nuestro-manifiesto-por-un-transporte-urbano-para-todas-las-personas\\\/#respond\"]}]},{\"@type\":\"WebPage\",\"@id\":\"https:\\\/\\\/www.hidralgobel.com\\\/la-compania-avanza-se-une-a-nuestro-manifiesto-por-un-transporte-urbano-para-todas-las-personas\\\/\",\"url\":\"https:\\\/\\\/www.hidralgobel.com\\\/la-compania-avanza-se-une-a-nuestro-manifiesto-por-un-transporte-urbano-para-todas-las-personas\\\/\",\"name\":\"La compa\u00f1\u00eda Avanza se une a nuestro \u201cManifiesto por un transporte urbano para todas las personas\u201d - Hidral Gobel\",\"isPartOf\":{\"@id\":\"https:\\\/\\\/www.hidralgobel.com\\\/#website\"},\"primaryImageOfPage\":{\"@id\":\"https:\\\/\\\/www.hidralgobel.com\\\/la-compania-avanza-se-une-a-nuestro-manifiesto-por-un-transporte-urbano-para-todas-las-personas\\\/#primaryimage\"},\"image\":{\"@id\":\"https:\\\/\\\/www.hidralgobel.com\\\/la-compania-avanza-se-une-a-nuestro-manifiesto-por-un-transporte-urbano-para-todas-las-personas\\\/#primaryimage\"},\"thumbnailUrl\":\"https:\\\/\\\/www.hidralgobel.com\\\/wp-content\\\/uploads\\\/2023\\\/09\\\/Captura-de-pantalla-2023-09-21-173726.png\",\"datePublished\":\"2023-09-18T09:04:30+00:00\",\"dateModified\":\"2024-12-18T16:17:22+00:00\",\"breadcrumb\":{\"@id\":\"https:\\\/\\\/www.hidralgobel.com\\\/la-compania-avanza-se-une-a-nuestro-manifiesto-por-un-transporte-urbano-para-todas-las-personas\\\/#breadcrumb\"},\"inLanguage\":\"fr-FR\",\"potentialAction\":[{\"@type\":\"ReadAction\",\"target\":[\"https:\\\/\\\/www.hidralgobel.com\\\/la-compania-avanza-se-une-a-nuestro-manifiesto-por-un-transporte-urbano-para-todas-las-personas\\\/\"]}]},{\"@type\":\"ImageObject\",\"inLanguage\":\"fr-FR\",\"@id\":\"https:\\\/\\\/www.hidralgobel.com\\\/la-compania-avanza-se-une-a-nuestro-manifiesto-por-un-transporte-urbano-para-todas-las-personas\\\/#primaryimage\",\"url\":\"https:\\\/\\\/www.hidralgobel.com\\\/wp-content\\\/uploads\\\/2023\\\/09\\\/Captura-de-pantalla-2023-09-21-173726.png\",\"contentUrl\":\"https:\\\/\\\/www.hidralgobel.com\\\/wp-content\\\/uploads\\\/2023\\\/09\\\/Captura-de-pantalla-2023-09-21-173726.png\",\"width\":735,\"height\":495},{\"@type\":\"BreadcrumbList\",\"@id\":\"https:\\\/\\\/www.hidralgobel.com\\\/la-compania-avanza-se-une-a-nuestro-manifiesto-por-un-transporte-urbano-para-todas-las-personas\\\/#breadcrumb\",\"itemListElement\":[{\"@type\":\"ListItem\",\"position\":1,\"name\":\"Portada\",\"item\":\"https:\\\/\\\/www.hidralgobel.com\\\/\"},{\"@type\":\"ListItem\",\"position\":2,\"name\":\"La compa\u00f1\u00eda Avanza se une a nuestro \u201cManifiesto por un transporte urbano para todas las personas\u201d\"}]},{\"@type\":\"WebSite\",\"@id\":\"https:\\\/\\\/www.hidralgobel.com\\\/#website\",\"url\":\"https:\\\/\\\/www.hidralgobel.com\\\/\",\"name\":\"Hidral Gobel\",\"description\":\"Fabricamos soluciones de accesibilidad   para los viajeros con movilidad reducida.\",\"publisher\":{\"@id\":\"https:\\\/\\\/www.hidralgobel.com\\\/#organization\"},\"potentialAction\":[{\"@type\":\"SearchAction\",\"target\":{\"@type\":\"EntryPoint\",\"urlTemplate\":\"https:\\\/\\\/www.hidralgobel.com\\\/?s={search_term_string}\"},\"query-input\":{\"@type\":\"PropertyValueSpecification\",\"valueRequired\":true,\"valueName\":\"search_term_string\"}}],\"inLanguage\":\"fr-FR\"},{\"@type\":\"Organization\",\"@id\":\"https:\\\/\\\/www.hidralgobel.com\\\/#organization\",\"name\":\"Hidral Gobel\",\"url\":\"https:\\\/\\\/www.hidralgobel.com\\\/\",\"logo\":{\"@type\":\"ImageObject\",\"inLanguage\":\"fr-FR\",\"@id\":\"https:\\\/\\\/www.hidralgobel.com\\\/#\\\/schema\\\/logo\\\/image\\\/\",\"url\":\"https:\\\/\\\/www.hidralgobel.com\\\/wp-content\\\/uploads\\\/2023\\\/04\\\/Logotipo-Hidral-Gobel-2023_sin-fondo.png\",\"contentUrl\":\"https:\\\/\\\/www.hidralgobel.com\\\/wp-content\\\/uploads\\\/2023\\\/04\\\/Logotipo-Hidral-Gobel-2023_sin-fondo.png\",\"width\":1754,\"height\":1241,\"caption\":\"Hidral Gobel\"},\"image\":{\"@id\":\"https:\\\/\\\/www.hidralgobel.com\\\/#\\\/schema\\\/logo\\\/image\\\/\"}},{\"@type\":\"Person\",\"@id\":\"https:\\\/\\\/www.hidralgobel.com\\\/#\\\/schema\\\/person\\\/2c77d0dd86e38c005d0a59fde9bb7240\",\"name\":\"cronicai\",\"image\":{\"@type\":\"ImageObject\",\"inLanguage\":\"fr-FR\",\"@id\":\"https:\\\/\\\/secure.gravatar.com\\\/avatar\\\/6c30e638a19ae3cecc2c3c63efd8e35e1fbba8fc09a805103e549b1f380dc0ba?s=96&d=mm&r=g\",\"url\":\"https:\\\/\\\/secure.gravatar.com\\\/avatar\\\/6c30e638a19ae3cecc2c3c63efd8e35e1fbba8fc09a805103e549b1f380dc0ba?s=96&d=mm&r=g\",\"contentUrl\":\"https:\\\/\\\/secure.gravatar.com\\\/avatar\\\/6c30e638a19ae3cecc2c3c63efd8e35e1fbba8fc09a805103e549b1f380dc0ba?s=96&d=mm&r=g\",\"caption\":\"cronicai\"},\"sameAs\":[\"https:\\\/\\\/cronicai-cp43.wordpresstemporal.com\\\/hidral\"],\"url\":\"https:\\\/\\\/www.hidralgobel.com\\\/fr\\\/author\\\/cronicai\\\/\"}]}<\/script>\n<!-- \/ Yoast SEO plugin. -->","yoast_head_json":{"title":"La compa\u00f1\u00eda Avanza se une a nuestro \u201cManifiesto por un transporte urbano para todas las personas\u201d - Hidral Gobel","robots":{"index":"index","follow":"follow","max-snippet":"max-snippet:-1","max-image-preview":"max-image-preview:large","max-video-preview":"max-video-preview:-1"},"canonical":"https:\/\/www.hidralgobel.com\/fr\/la-compania-avanza-se-une-a-nuestro-manifiesto-por-un-transporte-urbano-para-todas-las-personas\/","og_locale":"fr_FR","og_type":"article","og_title":"La compa\u00f1\u00eda Avanza se une a nuestro \u201cManifiesto por un transporte urbano para todas las personas\u201d - Hidral Gobel","og_description":"La compa\u00f1\u00eda Avanza se une a nuestro \u201cManifiesto por un transporte urbano para todas las personas\u201d Dentro del marco de celebraci\u00f3n de la cumbre UITP Global Public Transport Summit 2023, Hidral Gobel ha tenido la oportunidad de seguir progresando en la promoci\u00f3n y concienciaci\u00f3n para la accesibilidad universal e inclusiva en el transporte p\u00fablico. En [&hellip;]","og_url":"https:\/\/www.hidralgobel.com\/fr\/la-compania-avanza-se-une-a-nuestro-manifiesto-por-un-transporte-urbano-para-todas-las-personas\/","og_site_name":"Hidral Gobel","article_published_time":"2023-09-18T09:04:30+00:00","article_modified_time":"2024-12-18T16:17:22+00:00","og_image":[{"width":735,"height":495,"url":"https:\/\/www.hidralgobel.com\/wp-content\/uploads\/2023\/09\/Captura-de-pantalla-2023-09-21-173726.png","type":"image\/png"}],"author":"cronicai","twitter_card":"summary_large_image","twitter_misc":{"\u00c9crit par":"cronicai","Dur\u00e9e de lecture estim\u00e9e":"2 minutes"},"schema":{"@context":"https:\/\/schema.org","@graph":[{"@type":"Article","@id":"https:\/\/www.hidralgobel.com\/la-compania-avanza-se-une-a-nuestro-manifiesto-por-un-transporte-urbano-para-todas-las-personas\/#article","isPartOf":{"@id":"https:\/\/www.hidralgobel.com\/la-compania-avanza-se-une-a-nuestro-manifiesto-por-un-transporte-urbano-para-todas-las-personas\/"},"author":{"name":"cronicai","@id":"https:\/\/www.hidralgobel.com\/#\/schema\/person\/2c77d0dd86e38c005d0a59fde9bb7240"},"headline":"La compa\u00f1\u00eda Avanza se une a nuestro \u201cManifiesto por un transporte urbano para todas las personas\u201d","datePublished":"2023-09-18T09:04:30+00:00","dateModified":"2024-12-18T16:17:22+00:00","mainEntityOfPage":{"@id":"https:\/\/www.hidralgobel.com\/la-compania-avanza-se-une-a-nuestro-manifiesto-por-un-transporte-urbano-para-todas-las-personas\/"},"wordCount":256,"commentCount":0,"publisher":{"@id":"https:\/\/www.hidralgobel.com\/#organization"},"image":{"@id":"https:\/\/www.hidralgobel.com\/la-compania-avanza-se-une-a-nuestro-manifiesto-por-un-transporte-urbano-para-todas-las-personas\/#primaryimage"},"thumbnailUrl":"https:\/\/www.hidralgobel.com\/wp-content\/uploads\/2023\/09\/Captura-de-pantalla-2023-09-21-173726.png","articleSection":["Sin categor\u00eda"],"inLanguage":"fr-FR","potentialAction":[{"@type":"CommentAction","name":"Comment","target":["https:\/\/www.hidralgobel.com\/la-compania-avanza-se-une-a-nuestro-manifiesto-por-un-transporte-urbano-para-todas-las-personas\/#respond"]}]},{"@type":"WebPage","@id":"https:\/\/www.hidralgobel.com\/la-compania-avanza-se-une-a-nuestro-manifiesto-por-un-transporte-urbano-para-todas-las-personas\/","url":"https:\/\/www.hidralgobel.com\/la-compania-avanza-se-une-a-nuestro-manifiesto-por-un-transporte-urbano-para-todas-las-personas\/","name":"La compa\u00f1\u00eda Avanza se une a nuestro \u201cManifiesto por un transporte urbano para todas las personas\u201d - Hidral Gobel","isPartOf":{"@id":"https:\/\/www.hidralgobel.com\/#website"},"primaryImageOfPage":{"@id":"https:\/\/www.hidralgobel.com\/la-compania-avanza-se-une-a-nuestro-manifiesto-por-un-transporte-urbano-para-todas-las-personas\/#primaryimage"},"image":{"@id":"https:\/\/www.hidralgobel.com\/la-compania-avanza-se-une-a-nuestro-manifiesto-por-un-transporte-urbano-para-todas-las-personas\/#primaryimage"},"thumbnailUrl":"https:\/\/www.hidralgobel.com\/wp-content\/uploads\/2023\/09\/Captura-de-pantalla-2023-09-21-173726.png","datePublished":"2023-09-18T09:04:30+00:00","dateModified":"2024-12-18T16:17:22+00:00","breadcrumb":{"@id":"https:\/\/www.hidralgobel.com\/la-compania-avanza-se-une-a-nuestro-manifiesto-por-un-transporte-urbano-para-todas-las-personas\/#breadcrumb"},"inLanguage":"fr-FR","potentialAction":[{"@type":"ReadAction","target":["https:\/\/www.hidralgobel.com\/la-compania-avanza-se-une-a-nuestro-manifiesto-por-un-transporte-urbano-para-todas-las-personas\/"]}]},{"@type":"ImageObject","inLanguage":"fr-FR","@id":"https:\/\/www.hidralgobel.com\/la-compania-avanza-se-une-a-nuestro-manifiesto-por-un-transporte-urbano-para-todas-las-personas\/#primaryimage","url":"https:\/\/www.hidralgobel.com\/wp-content\/uploads\/2023\/09\/Captura-de-pantalla-2023-09-21-173726.png","contentUrl":"https:\/\/www.hidralgobel.com\/wp-content\/uploads\/2023\/09\/Captura-de-pantalla-2023-09-21-173726.png","width":735,"height":495},{"@type":"BreadcrumbList","@id":"https:\/\/www.hidralgobel.com\/la-compania-avanza-se-une-a-nuestro-manifiesto-por-un-transporte-urbano-para-todas-las-personas\/#breadcrumb","itemListElement":[{"@type":"ListItem","position":1,"name":"Portada","item":"https:\/\/www.hidralgobel.com\/"},{"@type":"ListItem","position":2,"name":"La compa\u00f1\u00eda Avanza se une a nuestro \u201cManifiesto por un transporte urbano para todas las personas\u201d"}]},{"@type":"WebSite","@id":"https:\/\/www.hidralgobel.com\/#website","url":"https:\/\/www.hidralgobel.com\/","name":"Hidral Gobel","description":"Fabricamos soluciones de accesibilidad   para los viajeros con movilidad reducida.","publisher":{"@id":"https:\/\/www.hidralgobel.com\/#organization"},"potentialAction":[{"@type":"SearchAction","target":{"@type":"EntryPoint","urlTemplate":"https:\/\/www.hidralgobel.com\/?s={search_term_string}"},"query-input":{"@type":"PropertyValueSpecification","valueRequired":true,"valueName":"search_term_string"}}],"inLanguage":"fr-FR"},{"@type":"Organization","@id":"https:\/\/www.hidralgobel.com\/#organization","name":"Hidral Gobel","url":"https:\/\/www.hidralgobel.com\/","logo":{"@type":"ImageObject","inLanguage":"fr-FR","@id":"https:\/\/www.hidralgobel.com\/#\/schema\/logo\/image\/","url":"https:\/\/www.hidralgobel.com\/wp-content\/uploads\/2023\/04\/Logotipo-Hidral-Gobel-2023_sin-fondo.png","contentUrl":"https:\/\/www.hidralgobel.com\/wp-content\/uploads\/2023\/04\/Logotipo-Hidral-Gobel-2023_sin-fondo.png","width":1754,"height":1241,"caption":"Hidral Gobel"},"image":{"@id":"https:\/\/www.hidralgobel.com\/#\/schema\/logo\/image\/"}},{"@type":"Person","@id":"https:\/\/www.hidralgobel.com\/#\/schema\/person\/2c77d0dd86e38c005d0a59fde9bb7240","name":"cronicai","image":{"@type":"ImageObject","inLanguage":"fr-FR","@id":"https:\/\/secure.gravatar.com\/avatar\/6c30e638a19ae3cecc2c3c63efd8e35e1fbba8fc09a805103e549b1f380dc0ba?s=96&d=mm&r=g","url":"https:\/\/secure.gravatar.com\/avatar\/6c30e638a19ae3cecc2c3c63efd8e35e1fbba8fc09a805103e549b1f380dc0ba?s=96&d=mm&r=g","contentUrl":"https:\/\/secure.gravatar.com\/avatar\/6c30e638a19ae3cecc2c3c63efd8e35e1fbba8fc09a805103e549b1f380dc0ba?s=96&d=mm&r=g","caption":"cronicai"},"sameAs":["https:\/\/cronicai-cp43.wordpresstemporal.com\/hidral"],"url":"https:\/\/www.hidralgobel.com\/fr\/author\/cronicai\/"}]}},"_links":{"self":[{"href":"https:\/\/www.hidralgobel.com\/fr\/wp-json\/wp\/v2\/posts\/2493","targetHints":{"allow":["GET"]}}],"collection":[{"href":"https:\/\/www.hidralgobel.com\/fr\/wp-json\/wp\/v2\/posts"}],"about":[{"href":"https:\/\/www.hidralgobel.com\/fr\/wp-json\/wp\/v2\/types\/post"}],"author":[{"embeddable":true,"href":"https:\/\/www.hidralgobel.com\/fr\/wp-json\/wp\/v2\/users\/1"}],"replies":[{"embeddable":true,"href":"https:\/\/www.hidralgobel.com\/fr\/wp-json\/wp\/v2\/comments?post=2493"}],"version-history":[{"count":8,"href":"https:\/\/www.hidralgobel.com\/fr\/wp-json\/wp\/v2\/posts\/2493\/revisions"}],"predecessor-version":[{"id":4244,"href":"https:\/\/www.hidralgobel.com\/fr\/wp-json\/wp\/v2\/posts\/2493\/revisions\/4244"}],"wp:featuredmedia":[{"embeddable":true,"href":"https:\/\/www.hidralgobel.com\/fr\/wp-json\/wp\/v2\/media\/2495"}],"wp:attachment":[{"href":"https:\/\/www.hidralgobel.com\/fr\/wp-json\/wp\/v2\/media?parent=2493"}],"wp:term":[{"taxonomy":"category","embeddable":true,"href":"https:\/\/www.hidralgobel.com\/fr\/wp-json\/wp\/v2\/categories?post=2493"},{"taxonomy":"post_tag","embeddable":true,"href":"https:\/\/www.hidralgobel.com\/fr\/wp-json\/wp\/v2\/tags?post=2493"}],"curies":[{"name":"wp","href":"https:\/\/api.w.org\/{rel}","templated":true}]}}