{"id":4587,"date":"2025-07-01T12:04:21","date_gmt":"2025-07-01T12:04:21","guid":{"rendered":"https:\/\/www.hidralgobel.com\/?p=4587"},"modified":"2025-07-01T12:12:36","modified_gmt":"2025-07-01T12:12:36","slug":"hidral-gobel-celebra-la-entrada-en-vigor-de-la-ley-europea-de-accesibilidad","status":"publish","type":"post","link":"https:\/\/www.hidralgobel.com\/fr\/hidral-gobel-celebra-la-entrada-en-vigor-de-la-ley-europea-de-accesibilidad\/","title":{"rendered":"Hidral Gobel celebra la entrada en vigor de la Ley Europea de Accesibilidad"},"content":{"rendered":"<p>El 28 de junio de 2025 marcar\u00e1 un hito importante en la lucha por la inclusi\u00f3n en Europa, con la entrada en vigor de la Directiva 2019\/882 de la UE, tambi\u00e9n conocida como la Ley Europea de Accesibilidad (EAA). Esta normativa busca garantizar que los servicios y productos esenciales sean accesibles para todas las personas, incluidas las 100 millones de personas con discapacidad que residen en la Uni\u00f3n Europea.<\/p>\n<p>A partir de la fecha indicada, los operadores de transporte p\u00fablico deber\u00e1n cumplir con nuevos requisitos de accesibilidad en las estaciones, veh\u00edculos y servicios que ofrecen. Esto incluye, entre otras medidas, la obligaci\u00f3n de que la informaci\u00f3n sobre horarios, la compra de billetes y las pantallas informativas en estaciones y veh\u00edculos sean totalmente accesibles para personas con discapacidad.<\/p>\n<p>En cuanto a los servicios de transporte urbano, interurbano y regional la Directiva (UE) 2019\/882 establece importantes diferencias en cuanto a su aplicaci\u00f3n. Mientras que los servicios interurbanos y de larga distancia por autob\u00fas, tren o v\u00edas navegables est\u00e1n sujetos a nuevos requisitos de accesibilidad a partir de 2025, los servicios urbanos, suburbanos y regionales no est\u00e1n obligados a cumplir con la normativa hasta 2027. Aunque la Directiva no se aplica en su totalidad a los servicios urbanos y regionales, s\u00ed establece directrices que los Estados deben promover, alentando a los prestadores de estos servicios a adoptar medidas de accesibilidad para cumplir con los principios de inclusi\u00f3n y no discriminaci\u00f3n. En este contexto, las soluciones tecnol\u00f3gicas y de infraestructura, como las rampas y plataformas elevadoras, jugar\u00e1n un papel clave en la evoluci\u00f3n hacia un transporte m\u00e1s accesible en todos los niveles.<\/p>\n<p>Esta normativa, que se aplica a nivel europeo, incluye tambi\u00e9n la obligatoriedad de que las p\u00e1ginas web y aplicaciones m\u00f3viles de los operadores de transporte cumplan con los est\u00e1ndares de accesibilidad establecidos, asegurando que todos los usuarios puedan acceder f\u00e1cilmente a la informaci\u00f3n que necesitan, sin barreras.<\/p>\n<p>Desde Hidral Gobel, como especialistas en soluciones de accesibilidad para el transporte, destacamos la importancia de esta legislaci\u00f3n para promover una movilidad inclusiva y un transporte m\u00e1s accesible para todos.<\/p>\n<p>M\u00e1s informaci\u00f3n: <a href=\"https:\/\/accessible-eu-centre.ec.europa.eu\/content-corner\/news\/european-accessibility-act-enters-force-2025-06-27_en\">https:\/\/accessible-eu-centre.ec.europa.eu\/content-corner\/news\/european-accessibility-act-enters-force-2025-06-27_en<\/a><\/p>","protected":false},"excerpt":{"rendered":"<p>El 28 de junio de 2025 marcar\u00e1 un hito importante en la lucha por la inclusi\u00f3n en Europa, con la entrada en vigor de la Directiva 2019\/882 de la UE, tambi\u00e9n conocida como la Ley Europea de Accesibilidad (EAA). Esta normativa busca garantizar que los servicios y productos esenciales sean accesibles para todas las personas, [&hellip;]<\/p>\n","protected":false},"author":1,"featured_media":4589,"comment_status":"closed","ping_status":"closed","sticky":false,"template":"","format":"standard","meta":{"footnotes":""},"categories":[61],"tags":[],"class_list":["post-4587","post","type-post","status-publish","format-standard","has-post-thumbnail","hentry","category-noticias"],"yoast_head":"<!-- This site is optimized with the Yoast SEO plugin v27.4 - https:\/\/yoast.com\/product\/yoast-seo-wordpress\/ -->\n<title>Hidral Gobel celebra la entrada en vigor de la Ley Europea de Accesibilidad - Hidral Gobel<\/title>\n<meta name=\"robots\" content=\"index, follow, max-snippet:-1, max-image-preview:large, max-video-preview:-1\" \/>\n<link rel=\"canonical\" href=\"https:\/\/www.hidralgobel.com\/fr\/hidral-gobel-celebra-la-entrada-en-vigor-de-la-ley-europea-de-accesibilidad\/\" \/>\n<meta property=\"og:locale\" content=\"fr_FR\" \/>\n<meta property=\"og:type\" content=\"article\" \/>\n<meta property=\"og:title\" content=\"Hidral Gobel celebra la entrada en vigor de la Ley Europea de Accesibilidad - Hidral Gobel\" \/>\n<meta property=\"og:description\" content=\"El 28 de junio de 2025 marcar\u00e1 un hito importante en la lucha por la inclusi\u00f3n en Europa, con la entrada en vigor de la Directiva 2019\/882 de la UE, tambi\u00e9n conocida como la Ley Europea de Accesibilidad (EAA). Esta normativa busca garantizar que los servicios y productos esenciales sean accesibles para todas las personas, [&hellip;]\" \/>\n<meta property=\"og:url\" content=\"https:\/\/www.hidralgobel.com\/fr\/hidral-gobel-celebra-la-entrada-en-vigor-de-la-ley-europea-de-accesibilidad\/\" \/>\n<meta property=\"og:site_name\" content=\"Hidral Gobel\" \/>\n<meta property=\"article:published_time\" content=\"2025-07-01T12:04:21+00:00\" \/>\n<meta property=\"article:modified_time\" content=\"2025-07-01T12:12:36+00:00\" \/>\n<meta property=\"og:image\" content=\"https:\/\/www.hidralgobel.com\/wp-content\/uploads\/2025\/07\/signo-de-discapacitados-en-silla-de-ruedas-aislado-en-la-ilustracion-3d-de-fondo-de-la-bandera-de-la-union-europea-scaled.jpg\" \/>\n\t<meta property=\"og:image:width\" content=\"2560\" \/>\n\t<meta property=\"og:image:height\" content=\"1280\" \/>\n\t<meta property=\"og:image:type\" content=\"image\/jpeg\" \/>\n<meta name=\"author\" content=\"cronicai\" \/>\n<meta name=\"twitter:card\" content=\"summary_large_image\" \/>\n<meta name=\"twitter:label1\" content=\"\u00c9crit par\" \/>\n\t<meta name=\"twitter:data1\" content=\"cronicai\" \/>\n\t<meta name=\"twitter:label2\" content=\"Dur\u00e9e de lecture estim\u00e9e\" \/>\n\t<meta name=\"twitter:data2\" content=\"2 minutes\" \/>\n<script type=\"application\/ld+json\" class=\"yoast-schema-graph\">{\"@context\":\"https:\\\/\\\/schema.org\",\"@graph\":[{\"@type\":\"Article\",\"@id\":\"https:\\\/\\\/www.hidralgobel.com\\\/hidral-gobel-celebra-la-entrada-en-vigor-de-la-ley-europea-de-accesibilidad\\\/#article\",\"isPartOf\":{\"@id\":\"https:\\\/\\\/www.hidralgobel.com\\\/hidral-gobel-celebra-la-entrada-en-vigor-de-la-ley-europea-de-accesibilidad\\\/\"},\"author\":{\"name\":\"cronicai\",\"@id\":\"https:\\\/\\\/www.hidralgobel.com\\\/#\\\/schema\\\/person\\\/2c77d0dd86e38c005d0a59fde9bb7240\"},\"headline\":\"Hidral Gobel celebra la entrada en vigor de la Ley Europea de Accesibilidad\",\"datePublished\":\"2025-07-01T12:04:21+00:00\",\"dateModified\":\"2025-07-01T12:12:36+00:00\",\"mainEntityOfPage\":{\"@id\":\"https:\\\/\\\/www.hidralgobel.com\\\/hidral-gobel-celebra-la-entrada-en-vigor-de-la-ley-europea-de-accesibilidad\\\/\"},\"wordCount\":394,\"publisher\":{\"@id\":\"https:\\\/\\\/www.hidralgobel.com\\\/#organization\"},\"image\":{\"@id\":\"https:\\\/\\\/www.hidralgobel.com\\\/hidral-gobel-celebra-la-entrada-en-vigor-de-la-ley-europea-de-accesibilidad\\\/#primaryimage\"},\"thumbnailUrl\":\"https:\\\/\\\/www.hidralgobel.com\\\/wp-content\\\/uploads\\\/2025\\\/07\\\/signo-de-discapacitados-en-silla-de-ruedas-aislado-en-la-ilustracion-3d-de-fondo-de-la-bandera-de-la-union-europea-scaled.jpg\",\"articleSection\":[\"Noticias\"],\"inLanguage\":\"fr-FR\"},{\"@type\":\"WebPage\",\"@id\":\"https:\\\/\\\/www.hidralgobel.com\\\/hidral-gobel-celebra-la-entrada-en-vigor-de-la-ley-europea-de-accesibilidad\\\/\",\"url\":\"https:\\\/\\\/www.hidralgobel.com\\\/hidral-gobel-celebra-la-entrada-en-vigor-de-la-ley-europea-de-accesibilidad\\\/\",\"name\":\"Hidral Gobel celebra la entrada en vigor de la Ley Europea de Accesibilidad - Hidral Gobel\",\"isPartOf\":{\"@id\":\"https:\\\/\\\/www.hidralgobel.com\\\/#website\"},\"primaryImageOfPage\":{\"@id\":\"https:\\\/\\\/www.hidralgobel.com\\\/hidral-gobel-celebra-la-entrada-en-vigor-de-la-ley-europea-de-accesibilidad\\\/#primaryimage\"},\"image\":{\"@id\":\"https:\\\/\\\/www.hidralgobel.com\\\/hidral-gobel-celebra-la-entrada-en-vigor-de-la-ley-europea-de-accesibilidad\\\/#primaryimage\"},\"thumbnailUrl\":\"https:\\\/\\\/www.hidralgobel.com\\\/wp-content\\\/uploads\\\/2025\\\/07\\\/signo-de-discapacitados-en-silla-de-ruedas-aislado-en-la-ilustracion-3d-de-fondo-de-la-bandera-de-la-union-europea-scaled.jpg\",\"datePublished\":\"2025-07-01T12:04:21+00:00\",\"dateModified\":\"2025-07-01T12:12:36+00:00\",\"breadcrumb\":{\"@id\":\"https:\\\/\\\/www.hidralgobel.com\\\/hidral-gobel-celebra-la-entrada-en-vigor-de-la-ley-europea-de-accesibilidad\\\/#breadcrumb\"},\"inLanguage\":\"fr-FR\",\"potentialAction\":[{\"@type\":\"ReadAction\",\"target\":[\"https:\\\/\\\/www.hidralgobel.com\\\/hidral-gobel-celebra-la-entrada-en-vigor-de-la-ley-europea-de-accesibilidad\\\/\"]}]},{\"@type\":\"ImageObject\",\"inLanguage\":\"fr-FR\",\"@id\":\"https:\\\/\\\/www.hidralgobel.com\\\/hidral-gobel-celebra-la-entrada-en-vigor-de-la-ley-europea-de-accesibilidad\\\/#primaryimage\",\"url\":\"https:\\\/\\\/www.hidralgobel.com\\\/wp-content\\\/uploads\\\/2025\\\/07\\\/signo-de-discapacitados-en-silla-de-ruedas-aislado-en-la-ilustracion-3d-de-fondo-de-la-bandera-de-la-union-europea-scaled.jpg\",\"contentUrl\":\"https:\\\/\\\/www.hidralgobel.com\\\/wp-content\\\/uploads\\\/2025\\\/07\\\/signo-de-discapacitados-en-silla-de-ruedas-aislado-en-la-ilustracion-3d-de-fondo-de-la-bandera-de-la-union-europea-scaled.jpg\",\"width\":2560,\"height\":1280},{\"@type\":\"BreadcrumbList\",\"@id\":\"https:\\\/\\\/www.hidralgobel.com\\\/hidral-gobel-celebra-la-entrada-en-vigor-de-la-ley-europea-de-accesibilidad\\\/#breadcrumb\",\"itemListElement\":[{\"@type\":\"ListItem\",\"position\":1,\"name\":\"Portada\",\"item\":\"https:\\\/\\\/www.hidralgobel.com\\\/\"},{\"@type\":\"ListItem\",\"position\":2,\"name\":\"Hidral Gobel celebra la entrada en vigor de la Ley Europea de Accesibilidad\"}]},{\"@type\":\"WebSite\",\"@id\":\"https:\\\/\\\/www.hidralgobel.com\\\/#website\",\"url\":\"https:\\\/\\\/www.hidralgobel.com\\\/\",\"name\":\"Hidral Gobel\",\"description\":\"Fabricamos soluciones de accesibilidad   para los viajeros con movilidad reducida.\",\"publisher\":{\"@id\":\"https:\\\/\\\/www.hidralgobel.com\\\/#organization\"},\"potentialAction\":[{\"@type\":\"SearchAction\",\"target\":{\"@type\":\"EntryPoint\",\"urlTemplate\":\"https:\\\/\\\/www.hidralgobel.com\\\/?s={search_term_string}\"},\"query-input\":{\"@type\":\"PropertyValueSpecification\",\"valueRequired\":true,\"valueName\":\"search_term_string\"}}],\"inLanguage\":\"fr-FR\"},{\"@type\":\"Organization\",\"@id\":\"https:\\\/\\\/www.hidralgobel.com\\\/#organization\",\"name\":\"Hidral Gobel\",\"url\":\"https:\\\/\\\/www.hidralgobel.com\\\/\",\"logo\":{\"@type\":\"ImageObject\",\"inLanguage\":\"fr-FR\",\"@id\":\"https:\\\/\\\/www.hidralgobel.com\\\/#\\\/schema\\\/logo\\\/image\\\/\",\"url\":\"https:\\\/\\\/www.hidralgobel.com\\\/wp-content\\\/uploads\\\/2023\\\/04\\\/Logotipo-Hidral-Gobel-2023_sin-fondo.png\",\"contentUrl\":\"https:\\\/\\\/www.hidralgobel.com\\\/wp-content\\\/uploads\\\/2023\\\/04\\\/Logotipo-Hidral-Gobel-2023_sin-fondo.png\",\"width\":1754,\"height\":1241,\"caption\":\"Hidral Gobel\"},\"image\":{\"@id\":\"https:\\\/\\\/www.hidralgobel.com\\\/#\\\/schema\\\/logo\\\/image\\\/\"}},{\"@type\":\"Person\",\"@id\":\"https:\\\/\\\/www.hidralgobel.com\\\/#\\\/schema\\\/person\\\/2c77d0dd86e38c005d0a59fde9bb7240\",\"name\":\"cronicai\",\"image\":{\"@type\":\"ImageObject\",\"inLanguage\":\"fr-FR\",\"@id\":\"https:\\\/\\\/secure.gravatar.com\\\/avatar\\\/6c30e638a19ae3cecc2c3c63efd8e35e1fbba8fc09a805103e549b1f380dc0ba?s=96&d=mm&r=g\",\"url\":\"https:\\\/\\\/secure.gravatar.com\\\/avatar\\\/6c30e638a19ae3cecc2c3c63efd8e35e1fbba8fc09a805103e549b1f380dc0ba?s=96&d=mm&r=g\",\"contentUrl\":\"https:\\\/\\\/secure.gravatar.com\\\/avatar\\\/6c30e638a19ae3cecc2c3c63efd8e35e1fbba8fc09a805103e549b1f380dc0ba?s=96&d=mm&r=g\",\"caption\":\"cronicai\"},\"sameAs\":[\"https:\\\/\\\/cronicai-cp43.wordpresstemporal.com\\\/hidral\"],\"url\":\"https:\\\/\\\/www.hidralgobel.com\\\/fr\\\/author\\\/cronicai\\\/\"}]}<\/script>\n<!-- \/ Yoast SEO plugin. -->","yoast_head_json":{"title":"Hidral Gobel celebra la entrada en vigor de la Ley Europea de Accesibilidad - Hidral Gobel","robots":{"index":"index","follow":"follow","max-snippet":"max-snippet:-1","max-image-preview":"max-image-preview:large","max-video-preview":"max-video-preview:-1"},"canonical":"https:\/\/www.hidralgobel.com\/fr\/hidral-gobel-celebra-la-entrada-en-vigor-de-la-ley-europea-de-accesibilidad\/","og_locale":"fr_FR","og_type":"article","og_title":"Hidral Gobel celebra la entrada en vigor de la Ley Europea de Accesibilidad - Hidral Gobel","og_description":"El 28 de junio de 2025 marcar\u00e1 un hito importante en la lucha por la inclusi\u00f3n en Europa, con la entrada en vigor de la Directiva 2019\/882 de la UE, tambi\u00e9n conocida como la Ley Europea de Accesibilidad (EAA). Esta normativa busca garantizar que los servicios y productos esenciales sean accesibles para todas las personas, [&hellip;]","og_url":"https:\/\/www.hidralgobel.com\/fr\/hidral-gobel-celebra-la-entrada-en-vigor-de-la-ley-europea-de-accesibilidad\/","og_site_name":"Hidral Gobel","article_published_time":"2025-07-01T12:04:21+00:00","article_modified_time":"2025-07-01T12:12:36+00:00","og_image":[{"width":2560,"height":1280,"url":"https:\/\/www.hidralgobel.com\/wp-content\/uploads\/2025\/07\/signo-de-discapacitados-en-silla-de-ruedas-aislado-en-la-ilustracion-3d-de-fondo-de-la-bandera-de-la-union-europea-scaled.jpg","type":"image\/jpeg"}],"author":"cronicai","twitter_card":"summary_large_image","twitter_misc":{"\u00c9crit par":"cronicai","Dur\u00e9e de lecture estim\u00e9e":"2 minutes"},"schema":{"@context":"https:\/\/schema.org","@graph":[{"@type":"Article","@id":"https:\/\/www.hidralgobel.com\/hidral-gobel-celebra-la-entrada-en-vigor-de-la-ley-europea-de-accesibilidad\/#article","isPartOf":{"@id":"https:\/\/www.hidralgobel.com\/hidral-gobel-celebra-la-entrada-en-vigor-de-la-ley-europea-de-accesibilidad\/"},"author":{"name":"cronicai","@id":"https:\/\/www.hidralgobel.com\/#\/schema\/person\/2c77d0dd86e38c005d0a59fde9bb7240"},"headline":"Hidral Gobel celebra la entrada en vigor de la Ley Europea de Accesibilidad","datePublished":"2025-07-01T12:04:21+00:00","dateModified":"2025-07-01T12:12:36+00:00","mainEntityOfPage":{"@id":"https:\/\/www.hidralgobel.com\/hidral-gobel-celebra-la-entrada-en-vigor-de-la-ley-europea-de-accesibilidad\/"},"wordCount":394,"publisher":{"@id":"https:\/\/www.hidralgobel.com\/#organization"},"image":{"@id":"https:\/\/www.hidralgobel.com\/hidral-gobel-celebra-la-entrada-en-vigor-de-la-ley-europea-de-accesibilidad\/#primaryimage"},"thumbnailUrl":"https:\/\/www.hidralgobel.com\/wp-content\/uploads\/2025\/07\/signo-de-discapacitados-en-silla-de-ruedas-aislado-en-la-ilustracion-3d-de-fondo-de-la-bandera-de-la-union-europea-scaled.jpg","articleSection":["Noticias"],"inLanguage":"fr-FR"},{"@type":"WebPage","@id":"https:\/\/www.hidralgobel.com\/hidral-gobel-celebra-la-entrada-en-vigor-de-la-ley-europea-de-accesibilidad\/","url":"https:\/\/www.hidralgobel.com\/hidral-gobel-celebra-la-entrada-en-vigor-de-la-ley-europea-de-accesibilidad\/","name":"Hidral Gobel celebra la entrada en vigor de la Ley Europea de Accesibilidad - Hidral Gobel","isPartOf":{"@id":"https:\/\/www.hidralgobel.com\/#website"},"primaryImageOfPage":{"@id":"https:\/\/www.hidralgobel.com\/hidral-gobel-celebra-la-entrada-en-vigor-de-la-ley-europea-de-accesibilidad\/#primaryimage"},"image":{"@id":"https:\/\/www.hidralgobel.com\/hidral-gobel-celebra-la-entrada-en-vigor-de-la-ley-europea-de-accesibilidad\/#primaryimage"},"thumbnailUrl":"https:\/\/www.hidralgobel.com\/wp-content\/uploads\/2025\/07\/signo-de-discapacitados-en-silla-de-ruedas-aislado-en-la-ilustracion-3d-de-fondo-de-la-bandera-de-la-union-europea-scaled.jpg","datePublished":"2025-07-01T12:04:21+00:00","dateModified":"2025-07-01T12:12:36+00:00","breadcrumb":{"@id":"https:\/\/www.hidralgobel.com\/hidral-gobel-celebra-la-entrada-en-vigor-de-la-ley-europea-de-accesibilidad\/#breadcrumb"},"inLanguage":"fr-FR","potentialAction":[{"@type":"ReadAction","target":["https:\/\/www.hidralgobel.com\/hidral-gobel-celebra-la-entrada-en-vigor-de-la-ley-europea-de-accesibilidad\/"]}]},{"@type":"ImageObject","inLanguage":"fr-FR","@id":"https:\/\/www.hidralgobel.com\/hidral-gobel-celebra-la-entrada-en-vigor-de-la-ley-europea-de-accesibilidad\/#primaryimage","url":"https:\/\/www.hidralgobel.com\/wp-content\/uploads\/2025\/07\/signo-de-discapacitados-en-silla-de-ruedas-aislado-en-la-ilustracion-3d-de-fondo-de-la-bandera-de-la-union-europea-scaled.jpg","contentUrl":"https:\/\/www.hidralgobel.com\/wp-content\/uploads\/2025\/07\/signo-de-discapacitados-en-silla-de-ruedas-aislado-en-la-ilustracion-3d-de-fondo-de-la-bandera-de-la-union-europea-scaled.jpg","width":2560,"height":1280},{"@type":"BreadcrumbList","@id":"https:\/\/www.hidralgobel.com\/hidral-gobel-celebra-la-entrada-en-vigor-de-la-ley-europea-de-accesibilidad\/#breadcrumb","itemListElement":[{"@type":"ListItem","position":1,"name":"Portada","item":"https:\/\/www.hidralgobel.com\/"},{"@type":"ListItem","position":2,"name":"Hidral Gobel celebra la entrada en vigor de la Ley Europea de Accesibilidad"}]},{"@type":"WebSite","@id":"https:\/\/www.hidralgobel.com\/#website","url":"https:\/\/www.hidralgobel.com\/","name":"Hidral Gobel","description":"Fabricamos soluciones de accesibilidad   para los viajeros con movilidad reducida.","publisher":{"@id":"https:\/\/www.hidralgobel.com\/#organization"},"potentialAction":[{"@type":"SearchAction","target":{"@type":"EntryPoint","urlTemplate":"https:\/\/www.hidralgobel.com\/?s={search_term_string}"},"query-input":{"@type":"PropertyValueSpecification","valueRequired":true,"valueName":"search_term_string"}}],"inLanguage":"fr-FR"},{"@type":"Organization","@id":"https:\/\/www.hidralgobel.com\/#organization","name":"Hidral Gobel","url":"https:\/\/www.hidralgobel.com\/","logo":{"@type":"ImageObject","inLanguage":"fr-FR","@id":"https:\/\/www.hidralgobel.com\/#\/schema\/logo\/image\/","url":"https:\/\/www.hidralgobel.com\/wp-content\/uploads\/2023\/04\/Logotipo-Hidral-Gobel-2023_sin-fondo.png","contentUrl":"https:\/\/www.hidralgobel.com\/wp-content\/uploads\/2023\/04\/Logotipo-Hidral-Gobel-2023_sin-fondo.png","width":1754,"height":1241,"caption":"Hidral Gobel"},"image":{"@id":"https:\/\/www.hidralgobel.com\/#\/schema\/logo\/image\/"}},{"@type":"Person","@id":"https:\/\/www.hidralgobel.com\/#\/schema\/person\/2c77d0dd86e38c005d0a59fde9bb7240","name":"cronicai","image":{"@type":"ImageObject","inLanguage":"fr-FR","@id":"https:\/\/secure.gravatar.com\/avatar\/6c30e638a19ae3cecc2c3c63efd8e35e1fbba8fc09a805103e549b1f380dc0ba?s=96&d=mm&r=g","url":"https:\/\/secure.gravatar.com\/avatar\/6c30e638a19ae3cecc2c3c63efd8e35e1fbba8fc09a805103e549b1f380dc0ba?s=96&d=mm&r=g","contentUrl":"https:\/\/secure.gravatar.com\/avatar\/6c30e638a19ae3cecc2c3c63efd8e35e1fbba8fc09a805103e549b1f380dc0ba?s=96&d=mm&r=g","caption":"cronicai"},"sameAs":["https:\/\/cronicai-cp43.wordpresstemporal.com\/hidral"],"url":"https:\/\/www.hidralgobel.com\/fr\/author\/cronicai\/"}]}},"_links":{"self":[{"href":"https:\/\/www.hidralgobel.com\/fr\/wp-json\/wp\/v2\/posts\/4587","targetHints":{"allow":["GET"]}}],"collection":[{"href":"https:\/\/www.hidralgobel.com\/fr\/wp-json\/wp\/v2\/posts"}],"about":[{"href":"https:\/\/www.hidralgobel.com\/fr\/wp-json\/wp\/v2\/types\/post"}],"author":[{"embeddable":true,"href":"https:\/\/www.hidralgobel.com\/fr\/wp-json\/wp\/v2\/users\/1"}],"replies":[{"embeddable":true,"href":"https:\/\/www.hidralgobel.com\/fr\/wp-json\/wp\/v2\/comments?post=4587"}],"version-history":[{"count":2,"href":"https:\/\/www.hidralgobel.com\/fr\/wp-json\/wp\/v2\/posts\/4587\/revisions"}],"predecessor-version":[{"id":4598,"href":"https:\/\/www.hidralgobel.com\/fr\/wp-json\/wp\/v2\/posts\/4587\/revisions\/4598"}],"wp:featuredmedia":[{"embeddable":true,"href":"https:\/\/www.hidralgobel.com\/fr\/wp-json\/wp\/v2\/media\/4589"}],"wp:attachment":[{"href":"https:\/\/www.hidralgobel.com\/fr\/wp-json\/wp\/v2\/media?parent=4587"}],"wp:term":[{"taxonomy":"category","embeddable":true,"href":"https:\/\/www.hidralgobel.com\/fr\/wp-json\/wp\/v2\/categories?post=4587"},{"taxonomy":"post_tag","embeddable":true,"href":"https:\/\/www.hidralgobel.com\/fr\/wp-json\/wp\/v2\/tags?post=4587"}],"curies":[{"name":"wp","href":"https:\/\/api.w.org\/{rel}","templated":true}]}}