{"id":4869,"date":"2026-04-28T11:49:17","date_gmt":"2026-04-28T11:49:17","guid":{"rendered":"https:\/\/www.hidralgobel.com\/?p=4869"},"modified":"2026-04-28T11:49:17","modified_gmt":"2026-04-28T11:49:17","slug":"coche-adaptado-adaptacion-vehiculos-movilidad-reducida","status":"publish","type":"post","link":"https:\/\/www.hidralgobel.com\/fr\/coche-adaptado-adaptacion-vehiculos-movilidad-reducida\/","title":{"rendered":"Coche adaptado para movilidad reducida: todo lo que necesitas saber"},"content":{"rendered":"<div data-elementor-type=\"wp-post\" data-elementor-id=\"4869\" class=\"elementor elementor-4869\" data-elementor-post-type=\"post\">\n\t\t\t\t<div class=\"elementor-element elementor-element-5953cbc e-flex e-con-boxed e-con e-parent\" data-id=\"5953cbc\" data-element_type=\"container\" data-e-type=\"container\">\n\t\t\t\t\t<div class=\"e-con-inner\">\n\t\t\t\t<div class=\"elementor-element elementor-element-cc28341 elementor-widget elementor-widget-text-editor\" data-id=\"cc28341\" data-element_type=\"widget\" data-e-type=\"widget\" data-widget_type=\"text-editor.default\">\n\t\t\t\t<div class=\"elementor-widget-container\">\n\t\t\t\t\t\t\t\t\t<p class=\"MsoNormal\">Si tienes movilidad reducida y quieres recuperar tu independencia al volante, un\u00a0<b>coche adaptado<\/b>\u00a0puede cambiar tu vida. La\u00a0<b>adaptaci\u00f3n de veh\u00edculos para personas con movilidad reducida\u00a0<\/b>ha avanzado enormemente: hoy existen soluciones para casi cualquier situaci\u00f3n.<\/p><p class=\"MsoNormal\">En esta gu\u00eda te explicamos c\u00f3mo funciona el proceso, qu\u00e9 tipos de adaptaciones existen y c\u00f3mo acceder a las ayudas disponibles.<\/p>\t\t\t\t\t\t\t\t<\/div>\n\t\t\t\t<\/div>\n\t\t\t\t\t<\/div>\n\t\t\t\t<\/div>\n\t\t<div class=\"elementor-element elementor-element-b94d456 e-flex e-con-boxed e-con e-parent\" data-id=\"b94d456\" data-element_type=\"container\" data-e-type=\"container\">\n\t\t\t\t\t<div class=\"e-con-inner\">\n\t\t\t\t<div class=\"elementor-element elementor-element-47423bf elementor-widget elementor-widget-heading\" data-id=\"47423bf\" data-element_type=\"widget\" data-e-type=\"widget\" data-widget_type=\"heading.default\">\n\t\t\t\t<div class=\"elementor-widget-container\">\n\t\t\t\t\t<h2 class=\"elementor-heading-title elementor-size-default\">\u00bfQu\u00e9 es un coche adaptado?<\/h2>\t\t\t\t<\/div>\n\t\t\t\t<\/div>\n\t\t\t\t<div class=\"elementor-element elementor-element-e111528 elementor-widget elementor-widget-text-editor\" data-id=\"e111528\" data-element_type=\"widget\" data-e-type=\"widget\" data-widget_type=\"text-editor.default\">\n\t\t\t\t<div class=\"elementor-widget-container\">\n\t\t\t\t\t\t\t\t\t<p class=\"MsoNormal\"><span style=\"font-size: 12.0pt; line-height: 115%; font-family: 'Aptos',sans-serif; mso-ascii-theme-font: minor-latin; mso-fareast-font-family: Aptos; mso-fareast-theme-font: minor-latin; mso-hansi-theme-font: minor-latin; mso-bidi-font-family: 'Times New Roman'; mso-bidi-theme-font: minor-bidi; mso-ansi-language: ES; mso-fareast-language: EN-US; mso-bidi-language: AR-SA;\">Un\u00a0<b>coche adaptado<\/b>\u00a0es un veh\u00edculo que ha sido modificado con elementos espec\u00edficos para que una persona con discapacidad pueda conducirlo o viajar en \u00e9l con plena seguridad y autonom\u00eda. La\u00a0<b>adaptaci\u00f3n de veh\u00edculos para personas con movilidad reducida\u00a0<\/b>incluye desde mandos manuales para el freno y el acelerador hasta sistemas de carga de sillas de ruedas totalmente automatizados<\/span><\/p>\t\t\t\t\t\t\t\t<\/div>\n\t\t\t\t<\/div>\n\t\t\t\t<div class=\"elementor-element elementor-element-5e80477 elementor-blockquote--skin-boxed elementor-widget elementor-widget-blockquote\" data-id=\"5e80477\" data-element_type=\"widget\" data-e-type=\"widget\" data-widget_type=\"blockquote.default\">\n\t\t\t\t<div class=\"elementor-widget-container\">\n\t\t\t\t\t\t\t<blockquote class=\"elementor-blockquote\">\n\t\t\t<p class=\"elementor-blockquote__content\">\n\t\t\t\t\"Recuperar la capacidad de conducir o desplazarse de forma aut\u00f3noma no es solo una cuesti\u00f3n de movilidad: es calidad de vida, independencia y libertad.\"\t\t\t<\/p>\n\t\t\t\t\t<\/blockquote>\n\t\t\t\t\t\t<\/div>\n\t\t\t\t<\/div>\n\t\t\t\t<div class=\"elementor-element elementor-element-f95fce2 elementor-widget elementor-widget-heading\" data-id=\"f95fce2\" data-element_type=\"widget\" data-e-type=\"widget\" data-widget_type=\"heading.default\">\n\t\t\t\t<div class=\"elementor-widget-container\">\n\t\t\t\t\t<h2 class=\"elementor-heading-title elementor-size-default\">Tipos de adaptaciones para veh\u00edculos<\/h2>\t\t\t\t<\/div>\n\t\t\t\t<\/div>\n\t\t\t\t\t<\/div>\n\t\t\t\t<\/div>\n\t\t<div class=\"elementor-element elementor-element-c4e3a37 e-flex e-con-boxed e-con e-parent\" data-id=\"c4e3a37\" data-element_type=\"container\" data-e-type=\"container\">\n\t\t\t\t\t<div class=\"e-con-inner\">\n\t\t<div class=\"elementor-element elementor-element-045055a e-con-full e-flex e-con e-child\" data-id=\"045055a\" data-element_type=\"container\" data-e-type=\"container\">\n\t\t\t\t<div class=\"elementor-element elementor-element-02ad1fd elementor-widget elementor-widget-icon-box\" data-id=\"02ad1fd\" data-element_type=\"widget\" data-e-type=\"widget\" data-widget_type=\"icon-box.default\">\n\t\t\t\t<div class=\"elementor-widget-container\">\n\t\t\t\t\t\t\t<div class=\"elementor-icon-box-wrapper\">\n\n\t\t\t\n\t\t\t\t\t\t<div class=\"elementor-icon-box-content\">\n\n\t\t\t\t\t\t\t\t\t<h3 class=\"elementor-icon-box-title\">\n\t\t\t\t\t\t<span  >\n\t\t\t\t\t\t\tMandos manuales\t\t\t\t\t\t<\/span>\n\t\t\t\t\t<\/h3>\n\t\t\t\t\n\t\t\t\t\t\t\t\t\t<p class=\"elementor-icon-box-description\">\n\t\t\t\t\t\tPermiten frenar y acelerar sin usar los pies. Ideal para personas con par\u00e1lisis o limitaci\u00f3n en piernas.\t\t\t\t\t<\/p>\n\t\t\t\t\n\t\t\t<\/div>\n\t\t\t\n\t\t<\/div>\n\t\t\t\t\t\t<\/div>\n\t\t\t\t<\/div>\n\t\t\t\t<\/div>\n\t\t<div class=\"elementor-element elementor-element-7642d7a e-con-full e-flex e-con e-child\" data-id=\"7642d7a\" data-element_type=\"container\" data-e-type=\"container\">\n\t\t\t\t<div class=\"elementor-element elementor-element-69d4bc2 elementor-widget elementor-widget-icon-box\" data-id=\"69d4bc2\" data-element_type=\"widget\" data-e-type=\"widget\" data-widget_type=\"icon-box.default\">\n\t\t\t\t<div class=\"elementor-widget-container\">\n\t\t\t\t\t\t\t<div class=\"elementor-icon-box-wrapper\">\n\n\t\t\t\n\t\t\t\t\t\t<div class=\"elementor-icon-box-content\">\n\n\t\t\t\t\t\t\t\t\t<h3 class=\"elementor-icon-box-title\">\n\t\t\t\t\t\t<span  >\n\t\t\t\t\t\t\tVolante adaptado\t\t\t\t\t\t<\/span>\n\t\t\t\t\t<\/h3>\n\t\t\t\t\n\t\t\t\t\t\t\t\t\t<p class=\"elementor-icon-box-description\">\n\t\t\t\t\t\tPerillas, horquillas o sistemas de conducci\u00f3n con un solo brazo para personas con limitaci\u00f3n de extremidades superiores.\t\t\t\t\t<\/p>\n\t\t\t\t\n\t\t\t<\/div>\n\t\t\t\n\t\t<\/div>\n\t\t\t\t\t\t<\/div>\n\t\t\t\t<\/div>\n\t\t\t\t<\/div>\n\t\t<div class=\"elementor-element elementor-element-a5fe226 e-con-full e-flex e-con e-child\" data-id=\"a5fe226\" data-element_type=\"container\" data-e-type=\"container\">\n\t\t\t\t<div class=\"elementor-element elementor-element-667fdd7 elementor-widget elementor-widget-icon-box\" data-id=\"667fdd7\" data-element_type=\"widget\" data-e-type=\"widget\" data-widget_type=\"icon-box.default\">\n\t\t\t\t<div class=\"elementor-widget-container\">\n\t\t\t\t\t\t\t<div class=\"elementor-icon-box-wrapper\">\n\n\t\t\t\n\t\t\t\t\t\t<div class=\"elementor-icon-box-content\">\n\n\t\t\t\t\t\t\t\t\t<h3 class=\"elementor-icon-box-title\">\n\t\t\t\t\t\t<span  >\n\t\t\t\t\t\t\tRampas y elevadores\t\t\t\t\t\t<\/span>\n\t\t\t\t\t<\/h3>\n\t\t\t\t\n\t\t\t\t\t\t\t\t\t<p class=\"elementor-icon-box-description\">\n\t\t\t\t\t\tFacilitan el acceso al veh\u00edculo a personas en silla de ruedas. Pueden ser manuales o el\u00e9ctricas.\t\t\t\t\t<\/p>\n\t\t\t\t\n\t\t\t<\/div>\n\t\t\t\n\t\t<\/div>\n\t\t\t\t\t\t<\/div>\n\t\t\t\t<\/div>\n\t\t\t\t<\/div>\n\t\t<div class=\"elementor-element elementor-element-77657f7 e-con-full e-flex e-con e-child\" data-id=\"77657f7\" data-element_type=\"container\" data-e-type=\"container\">\n\t\t\t\t<div class=\"elementor-element elementor-element-fa6c528 elementor-widget elementor-widget-icon-box\" data-id=\"fa6c528\" data-element_type=\"widget\" data-e-type=\"widget\" data-widget_type=\"icon-box.default\">\n\t\t\t\t<div class=\"elementor-widget-container\">\n\t\t\t\t\t\t\t<div class=\"elementor-icon-box-wrapper\">\n\n\t\t\t\n\t\t\t\t\t\t<div class=\"elementor-icon-box-content\">\n\n\t\t\t\t\t\t\t\t\t<h3 class=\"elementor-icon-box-title\">\n\t\t\t\t\t\t<span  >\n\t\t\t\t\t\t\tAnclajes para silla\t\t\t\t\t\t<\/span>\n\t\t\t\t\t<\/h3>\n\t\t\t\t\n\t\t\t\t\t\t\t\t\t<p class=\"elementor-icon-box-description\">\n\t\t\t\t\t\tSistemas de fijaci\u00f3n homologados para viajar desde la propia silla de ruedas de forma segura.\t\t\t\t\t<\/p>\n\t\t\t\t\n\t\t\t<\/div>\n\t\t\t\n\t\t<\/div>\n\t\t\t\t\t\t<\/div>\n\t\t\t\t<\/div>\n\t\t\t\t<\/div>\n\t\t<div class=\"elementor-element elementor-element-8be49ea e-con-full e-flex e-con e-child\" data-id=\"8be49ea\" data-element_type=\"container\" data-e-type=\"container\">\n\t\t\t\t<div class=\"elementor-element elementor-element-46f67dc elementor-widget elementor-widget-icon-box\" data-id=\"46f67dc\" data-element_type=\"widget\" data-e-type=\"widget\" data-widget_type=\"icon-box.default\">\n\t\t\t\t<div class=\"elementor-widget-container\">\n\t\t\t\t\t\t\t<div class=\"elementor-icon-box-wrapper\">\n\n\t\t\t\n\t\t\t\t\t\t<div class=\"elementor-icon-box-content\">\n\n\t\t\t\t\t\t\t\t\t<h3 class=\"elementor-icon-box-title\">\n\t\t\t\t\t\t<span  >\n\t\t\t\t\t\t\tAsientos giratorios\t\t\t\t\t\t<\/span>\n\t\t\t\t\t<\/h3>\n\t\t\t\t\n\t\t\t\t\t\t\t\t\t<p class=\"elementor-icon-box-description\">\n\t\t\t\t\t\tPermiten salir y entrar del coche sin realizar grandes esfuerzos. Muy \u00fatiles en problemas de cadera o rodilla.\t\t\t\t\t<\/p>\n\t\t\t\t\n\t\t\t<\/div>\n\t\t\t\n\t\t<\/div>\n\t\t\t\t\t\t<\/div>\n\t\t\t\t<\/div>\n\t\t\t\t<\/div>\n\t\t<div class=\"elementor-element elementor-element-6549311 e-con-full e-flex e-con e-child\" data-id=\"6549311\" data-element_type=\"container\" data-e-type=\"container\">\n\t\t\t\t<div class=\"elementor-element elementor-element-7f31c4b elementor-widget elementor-widget-icon-box\" data-id=\"7f31c4b\" data-element_type=\"widget\" data-e-type=\"widget\" data-widget_type=\"icon-box.default\">\n\t\t\t\t<div class=\"elementor-widget-container\">\n\t\t\t\t\t\t\t<div class=\"elementor-icon-box-wrapper\">\n\n\t\t\t\n\t\t\t\t\t\t<div class=\"elementor-icon-box-content\">\n\n\t\t\t\t\t\t\t\t\t<h3 class=\"elementor-icon-box-title\">\n\t\t\t\t\t\t<span  >\n\t\t\t\t\t\t\t  Carga de silla de ruedas\t\t\t\t\t\t<\/span>\n\t\t\t\t\t<\/h3>\n\t\t\t\t\n\t\t\t\t\t\t\t\t\t<p class=\"elementor-icon-box-description\">\n\t\t\t\t\t\tBrazos rob\u00f3ticos o sistemas autom\u00e1ticos que recogen y guardan la silla sin esfuerzo del conductor.\t\t\t\t\t<\/p>\n\t\t\t\t\n\t\t\t<\/div>\n\t\t\t\n\t\t<\/div>\n\t\t\t\t\t\t<\/div>\n\t\t\t\t<\/div>\n\t\t\t\t<\/div>\n\t\t\t\t\t<\/div>\n\t\t\t\t<\/div>\n\t\t<div class=\"elementor-element elementor-element-3593751 e-flex e-con-boxed e-con e-parent\" data-id=\"3593751\" data-element_type=\"container\" data-e-type=\"container\">\n\t\t\t\t\t<div class=\"e-con-inner\">\n\t\t\t\t<div class=\"elementor-element elementor-element-b058f10 elementor-widget elementor-widget-heading\" data-id=\"b058f10\" data-element_type=\"widget\" data-e-type=\"widget\" data-widget_type=\"heading.default\">\n\t\t\t\t<div class=\"elementor-widget-container\">\n\t\t\t\t\t<h2 class=\"elementor-heading-title elementor-size-default\">\u00bfC\u00f3mo tramitar la adaptaci\u00f3n de tu veh\u00edculo?<\/h2>\t\t\t\t<\/div>\n\t\t\t\t<\/div>\n\t\t\t\t<div class=\"elementor-element elementor-element-d66a08a elementor-widget elementor-widget-text-editor\" data-id=\"d66a08a\" data-element_type=\"widget\" data-e-type=\"widget\" data-widget_type=\"text-editor.default\">\n\t\t\t\t<div class=\"elementor-widget-container\">\n\t\t\t\t\t\t\t\t\t<p>El proceso para obtener un\u00a0<strong>coche adaptado para movilidad reducida<\/strong>\u00a0sigue unos pasos concretos. A continuaci\u00f3n, te los explicamos de forma clara:<\/p><ol><li><strong>Valoraci\u00f3n m\u00e9dica y certificado de discapacidad<\/strong><\/li><\/ol><p>El primer paso es contar con un certificado oficial de discapacidad o un informe m\u00e9dico que detalle las limitaciones funcionales. Esto es imprescindible para solicitar las adaptaciones y las posibles bonificaciones fiscales.<\/p><ol start=\"2\"><li><strong>Consulta con un especialista en adaptaci\u00f3n de veh\u00edculos<\/strong><\/li><\/ol><p>Un t\u00e9cnico homologado eval\u00faa tus necesidades y te orienta sobre qu\u00e9 adaptaciones son las m\u00e1s adecuadas. En Hidral Gobel contamos con profesionales especializados en este proceso.<\/p><ol start=\"3\"><li><strong>Instalaci\u00f3n de las adaptaciones<\/strong><\/li><\/ol><p>Las modificaciones deben realizarse en talleres autorizados, siguiendo la normativa vigente. As\u00ed trabajamos en Hidral Gobel. Esta es la forma de garantizar la homologaci\u00f3n y la seguridad del veh\u00edculo adaptado.<\/p><ol start=\"4\"><li><strong>Inspecci\u00f3n t\u00e9cnica (ITV)<\/strong><\/li><\/ol><p>Tras la adaptaci\u00f3n, es obligatorio pasar la ITV para actualizar la ficha t\u00e9cnica del veh\u00edculo. Este tr\u00e1mite certifica que el coche adaptado cumple todos los requisitos de seguridad.<\/p><ol start=\"5\"><li><strong>Renovaci\u00f3n del permiso de conducir si es necesario<\/strong><\/li><\/ol><p>En algunos casos, la Direcci\u00f3n General de Tr\u00e1fico (DGT) puede requerir la inclusi\u00f3n de restricciones en el permiso de conducir, indicando las adaptaciones obligatorias para conducir el veh\u00edculo.<\/p>\t\t\t\t\t\t\t\t<\/div>\n\t\t\t\t<\/div>\n\t\t\t\t\t<\/div>\n\t\t\t\t<\/div>\n\t\t<div class=\"elementor-element elementor-element-62fa2c5 e-flex e-con-boxed e-con e-parent\" data-id=\"62fa2c5\" data-element_type=\"container\" data-e-type=\"container\">\n\t\t\t\t\t<div class=\"e-con-inner\">\n\t\t\t\t<div class=\"elementor-element elementor-element-135b4fc elementor-cta--skin-cover elementor-animated-content elementor-bg-transform elementor-bg-transform-zoom-in elementor-widget elementor-widget-call-to-action\" data-id=\"135b4fc\" data-element_type=\"widget\" data-e-type=\"widget\" data-widget_type=\"call-to-action.default\">\n\t\t\t\t<div class=\"elementor-widget-container\">\n\t\t\t\t\t\t\t<div class=\"elementor-cta\">\n\t\t\t\t\t<div class=\"elementor-cta__bg-wrapper\">\n\t\t\t\t<div class=\"elementor-cta__bg elementor-bg\" style=\"background-image: url();\" role=\"img\" aria-label=\"\"><\/div>\n\t\t\t\t<div class=\"elementor-cta__bg-overlay\"><\/div>\n\t\t\t<\/div>\n\t\t\t\t\t\t\t<div class=\"elementor-cta__content\">\n\t\t\t\t\n\t\t\t\t\t\t\t\t\t<h2 class=\"elementor-cta__title elementor-cta__content-item elementor-content-item elementor-animated-item--grow\">\n\t\t\t\t\t\t\u00bfNecesitas asesoramiento personalizado?<br>\t\t\t\t\t<\/h2>\n\t\t\t\t\n\t\t\t\t\t\t\t\t\t<div class=\"elementor-cta__description elementor-cta__content-item elementor-content-item elementor-animated-item--grow\">\n\t\t\t\t\t\tEn Hidral Gobel somos especialistas en adaptaci\u00f3n de veh\u00edculos para personas con discapacidad.<br>Cu\u00e9ntanos tu caso y te ayudamos a encontrar la mejor soluci\u00f3n.\t\t\t\t\t<\/div>\n\t\t\t\t\n\t\t\t\t\t\t\t\t\t<div class=\"elementor-cta__button-wrapper elementor-cta__content-item elementor-content-item elementor-animated-item--grow\">\n\t\t\t\t\t<a class=\"elementor-cta__button elementor-button elementor-size-\" href=\"https:\/\/www.hidralgobel.com\/fr\/contacta-con-hidral-gobel\/\">\n\t\t\t\t\t\tContacta\t\t\t\t\t<\/a>\n\t\t\t\t\t<\/div>\n\t\t\t\t\t\t\t<\/div>\n\t\t\t\t\t\t<\/div>\n\t\t\t\t\t\t<\/div>\n\t\t\t\t<\/div>\n\t\t\t\t\t<\/div>\n\t\t\t\t<\/div>\n\t\t\t\t<\/div>","protected":false},"excerpt":{"rendered":"<p>Si tienes movilidad reducida y quieres recuperar tu independencia al volante, un\u00a0coche adaptado\u00a0puede cambiar tu vida. La\u00a0adaptaci\u00f3n de veh\u00edculos para personas con movilidad reducida\u00a0ha avanzado enormemente: hoy existen soluciones para casi cualquier situaci\u00f3n. En esta gu\u00eda te explicamos c\u00f3mo funciona el proceso, qu\u00e9 tipos de adaptaciones existen y c\u00f3mo acceder a las ayudas disponibles. \u00bfQu\u00e9 [&hellip;]<\/p>\n","protected":false},"author":1,"featured_media":4616,"comment_status":"open","ping_status":"open","sticky":false,"template":"","format":"standard","meta":{"footnotes":""},"categories":[62],"tags":[],"class_list":["post-4869","post","type-post","status-publish","format-standard","has-post-thumbnail","hentry","category-blog"],"yoast_head":"<!-- This site is optimized with the Yoast SEO plugin v27.5 - https:\/\/yoast.com\/product\/yoast-seo-wordpress\/ -->\n<title>Coche Adaptado: Gu\u00eda de Adaptaci\u00f3n de Veh\u00edculos para Movilidad Reducida<\/title>\n<meta name=\"description\" content=\"\u00bfNecesitas un coche adaptado? Descubre todo sobre la adaptaci\u00f3n de veh\u00edculos para personas con discapacidad: tipos, tr\u00e1mites y ayudas. Hidralgobel te asesora.\" \/>\n<meta name=\"robots\" content=\"index, follow, max-snippet:-1, max-image-preview:large, max-video-preview:-1\" \/>\n<link rel=\"canonical\" href=\"https:\/\/www.hidralgobel.com\/fr\/coche-adaptado-adaptacion-vehiculos-movilidad-reducida\/\" \/>\n<meta property=\"og:locale\" content=\"fr_FR\" \/>\n<meta property=\"og:type\" content=\"article\" \/>\n<meta property=\"og:title\" content=\"Coche Adaptado: Gu\u00eda de Adaptaci\u00f3n de Veh\u00edculos para Movilidad Reducida\" \/>\n<meta property=\"og:description\" content=\"\u00bfNecesitas un coche adaptado? Descubre todo sobre la adaptaci\u00f3n de veh\u00edculos para personas con discapacidad: tipos, tr\u00e1mites y ayudas. Hidralgobel te asesora.\" \/>\n<meta property=\"og:url\" content=\"https:\/\/www.hidralgobel.com\/fr\/coche-adaptado-adaptacion-vehiculos-movilidad-reducida\/\" \/>\n<meta property=\"og:site_name\" content=\"Hidral Gobel\" \/>\n<meta property=\"article:published_time\" content=\"2026-04-28T11:49:17+00:00\" \/>\n<meta property=\"og:image\" content=\"https:\/\/www.hidralgobel.com\/wp-content\/uploads\/2025\/07\/DSC00501-scaled.jpg\" \/>\n\t<meta property=\"og:image:width\" content=\"2560\" \/>\n\t<meta property=\"og:image:height\" content=\"1707\" \/>\n\t<meta property=\"og:image:type\" content=\"image\/jpeg\" \/>\n<meta name=\"author\" content=\"cronicai\" \/>\n<meta name=\"twitter:card\" content=\"summary_large_image\" \/>\n<meta name=\"twitter:label1\" content=\"\u00c9crit par\" \/>\n\t<meta name=\"twitter:data1\" content=\"cronicai\" \/>\n\t<meta name=\"twitter:label2\" content=\"Dur\u00e9e de lecture estim\u00e9e\" \/>\n\t<meta name=\"twitter:data2\" content=\"3 minutes\" \/>\n<script type=\"application\/ld+json\" class=\"yoast-schema-graph\">{\"@context\":\"https:\\\/\\\/schema.org\",\"@graph\":[{\"@type\":\"Article\",\"@id\":\"https:\\\/\\\/www.hidralgobel.com\\\/coche-adaptado-adaptacion-vehiculos-movilidad-reducida\\\/#article\",\"isPartOf\":{\"@id\":\"https:\\\/\\\/www.hidralgobel.com\\\/coche-adaptado-adaptacion-vehiculos-movilidad-reducida\\\/\"},\"author\":{\"name\":\"cronicai\",\"@id\":\"https:\\\/\\\/www.hidralgobel.com\\\/#\\\/schema\\\/person\\\/2c77d0dd86e38c005d0a59fde9bb7240\"},\"headline\":\"Coche adaptado para movilidad reducida: todo lo que necesitas saber\",\"datePublished\":\"2026-04-28T11:49:17+00:00\",\"mainEntityOfPage\":{\"@id\":\"https:\\\/\\\/www.hidralgobel.com\\\/coche-adaptado-adaptacion-vehiculos-movilidad-reducida\\\/\"},\"wordCount\":559,\"commentCount\":0,\"publisher\":{\"@id\":\"https:\\\/\\\/www.hidralgobel.com\\\/#organization\"},\"image\":{\"@id\":\"https:\\\/\\\/www.hidralgobel.com\\\/coche-adaptado-adaptacion-vehiculos-movilidad-reducida\\\/#primaryimage\"},\"thumbnailUrl\":\"https:\\\/\\\/www.hidralgobel.com\\\/wp-content\\\/uploads\\\/2025\\\/07\\\/DSC00501-scaled.jpg\",\"articleSection\":[\"Blog\"],\"inLanguage\":\"fr-FR\",\"potentialAction\":[{\"@type\":\"CommentAction\",\"name\":\"Comment\",\"target\":[\"https:\\\/\\\/www.hidralgobel.com\\\/coche-adaptado-adaptacion-vehiculos-movilidad-reducida\\\/#respond\"]}]},{\"@type\":\"WebPage\",\"@id\":\"https:\\\/\\\/www.hidralgobel.com\\\/coche-adaptado-adaptacion-vehiculos-movilidad-reducida\\\/\",\"url\":\"https:\\\/\\\/www.hidralgobel.com\\\/coche-adaptado-adaptacion-vehiculos-movilidad-reducida\\\/\",\"name\":\"Coche Adaptado: Gu\u00eda de Adaptaci\u00f3n de Veh\u00edculos para Movilidad Reducida\",\"isPartOf\":{\"@id\":\"https:\\\/\\\/www.hidralgobel.com\\\/#website\"},\"primaryImageOfPage\":{\"@id\":\"https:\\\/\\\/www.hidralgobel.com\\\/coche-adaptado-adaptacion-vehiculos-movilidad-reducida\\\/#primaryimage\"},\"image\":{\"@id\":\"https:\\\/\\\/www.hidralgobel.com\\\/coche-adaptado-adaptacion-vehiculos-movilidad-reducida\\\/#primaryimage\"},\"thumbnailUrl\":\"https:\\\/\\\/www.hidralgobel.com\\\/wp-content\\\/uploads\\\/2025\\\/07\\\/DSC00501-scaled.jpg\",\"datePublished\":\"2026-04-28T11:49:17+00:00\",\"description\":\"\u00bfNecesitas un coche adaptado? Descubre todo sobre la adaptaci\u00f3n de veh\u00edculos para personas con discapacidad: tipos, tr\u00e1mites y ayudas. Hidralgobel te asesora.\",\"breadcrumb\":{\"@id\":\"https:\\\/\\\/www.hidralgobel.com\\\/coche-adaptado-adaptacion-vehiculos-movilidad-reducida\\\/#breadcrumb\"},\"inLanguage\":\"fr-FR\",\"potentialAction\":[{\"@type\":\"ReadAction\",\"target\":[\"https:\\\/\\\/www.hidralgobel.com\\\/coche-adaptado-adaptacion-vehiculos-movilidad-reducida\\\/\"]}]},{\"@type\":\"ImageObject\",\"inLanguage\":\"fr-FR\",\"@id\":\"https:\\\/\\\/www.hidralgobel.com\\\/coche-adaptado-adaptacion-vehiculos-movilidad-reducida\\\/#primaryimage\",\"url\":\"https:\\\/\\\/www.hidralgobel.com\\\/wp-content\\\/uploads\\\/2025\\\/07\\\/DSC00501-scaled.jpg\",\"contentUrl\":\"https:\\\/\\\/www.hidralgobel.com\\\/wp-content\\\/uploads\\\/2025\\\/07\\\/DSC00501-scaled.jpg\",\"width\":2560,\"height\":1707,\"caption\":\"Conductor utilizando un mando adaptado revisado por Hidral Gobel\"},{\"@type\":\"BreadcrumbList\",\"@id\":\"https:\\\/\\\/www.hidralgobel.com\\\/coche-adaptado-adaptacion-vehiculos-movilidad-reducida\\\/#breadcrumb\",\"itemListElement\":[{\"@type\":\"ListItem\",\"position\":1,\"name\":\"Portada\",\"item\":\"https:\\\/\\\/www.hidralgobel.com\\\/\"},{\"@type\":\"ListItem\",\"position\":2,\"name\":\"Coche adaptado para movilidad reducida: todo lo que necesitas saber\"}]},{\"@type\":\"WebSite\",\"@id\":\"https:\\\/\\\/www.hidralgobel.com\\\/#website\",\"url\":\"https:\\\/\\\/www.hidralgobel.com\\\/\",\"name\":\"Hidral Gobel\",\"description\":\"Fabricamos soluciones de accesibilidad   para los viajeros con movilidad reducida.\",\"publisher\":{\"@id\":\"https:\\\/\\\/www.hidralgobel.com\\\/#organization\"},\"potentialAction\":[{\"@type\":\"SearchAction\",\"target\":{\"@type\":\"EntryPoint\",\"urlTemplate\":\"https:\\\/\\\/www.hidralgobel.com\\\/?s={search_term_string}\"},\"query-input\":{\"@type\":\"PropertyValueSpecification\",\"valueRequired\":true,\"valueName\":\"search_term_string\"}}],\"inLanguage\":\"fr-FR\"},{\"@type\":\"Organization\",\"@id\":\"https:\\\/\\\/www.hidralgobel.com\\\/#organization\",\"name\":\"Hidral Gobel\",\"url\":\"https:\\\/\\\/www.hidralgobel.com\\\/\",\"logo\":{\"@type\":\"ImageObject\",\"inLanguage\":\"fr-FR\",\"@id\":\"https:\\\/\\\/www.hidralgobel.com\\\/#\\\/schema\\\/logo\\\/image\\\/\",\"url\":\"https:\\\/\\\/www.hidralgobel.com\\\/wp-content\\\/uploads\\\/2023\\\/04\\\/Logotipo-Hidral-Gobel-2023_sin-fondo.png\",\"contentUrl\":\"https:\\\/\\\/www.hidralgobel.com\\\/wp-content\\\/uploads\\\/2023\\\/04\\\/Logotipo-Hidral-Gobel-2023_sin-fondo.png\",\"width\":1754,\"height\":1241,\"caption\":\"Hidral Gobel\"},\"image\":{\"@id\":\"https:\\\/\\\/www.hidralgobel.com\\\/#\\\/schema\\\/logo\\\/image\\\/\"}},{\"@type\":\"Person\",\"@id\":\"https:\\\/\\\/www.hidralgobel.com\\\/#\\\/schema\\\/person\\\/2c77d0dd86e38c005d0a59fde9bb7240\",\"name\":\"cronicai\",\"image\":{\"@type\":\"ImageObject\",\"inLanguage\":\"fr-FR\",\"@id\":\"https:\\\/\\\/secure.gravatar.com\\\/avatar\\\/6c30e638a19ae3cecc2c3c63efd8e35e1fbba8fc09a805103e549b1f380dc0ba?s=96&d=mm&r=g\",\"url\":\"https:\\\/\\\/secure.gravatar.com\\\/avatar\\\/6c30e638a19ae3cecc2c3c63efd8e35e1fbba8fc09a805103e549b1f380dc0ba?s=96&d=mm&r=g\",\"contentUrl\":\"https:\\\/\\\/secure.gravatar.com\\\/avatar\\\/6c30e638a19ae3cecc2c3c63efd8e35e1fbba8fc09a805103e549b1f380dc0ba?s=96&d=mm&r=g\",\"caption\":\"cronicai\"},\"sameAs\":[\"https:\\\/\\\/cronicai-cp43.wordpresstemporal.com\\\/hidral\"],\"url\":\"https:\\\/\\\/www.hidralgobel.com\\\/fr\\\/author\\\/cronicai\\\/\"}]}<\/script>\n<!-- \/ Yoast SEO plugin. -->","yoast_head_json":{"title":"Coche Adaptado: Gu\u00eda de Adaptaci\u00f3n de Veh\u00edculos para Movilidad Reducida","description":"\u00bfNecesitas un coche adaptado? Descubre todo sobre la adaptaci\u00f3n de veh\u00edculos para personas con discapacidad: tipos, tr\u00e1mites y ayudas. Hidralgobel te asesora.","robots":{"index":"index","follow":"follow","max-snippet":"max-snippet:-1","max-image-preview":"max-image-preview:large","max-video-preview":"max-video-preview:-1"},"canonical":"https:\/\/www.hidralgobel.com\/fr\/coche-adaptado-adaptacion-vehiculos-movilidad-reducida\/","og_locale":"fr_FR","og_type":"article","og_title":"Coche Adaptado: Gu\u00eda de Adaptaci\u00f3n de Veh\u00edculos para Movilidad Reducida","og_description":"\u00bfNecesitas un coche adaptado? Descubre todo sobre la adaptaci\u00f3n de veh\u00edculos para personas con discapacidad: tipos, tr\u00e1mites y ayudas. Hidralgobel te asesora.","og_url":"https:\/\/www.hidralgobel.com\/fr\/coche-adaptado-adaptacion-vehiculos-movilidad-reducida\/","og_site_name":"Hidral Gobel","article_published_time":"2026-04-28T11:49:17+00:00","og_image":[{"width":2560,"height":1707,"url":"https:\/\/www.hidralgobel.com\/wp-content\/uploads\/2025\/07\/DSC00501-scaled.jpg","type":"image\/jpeg"}],"author":"cronicai","twitter_card":"summary_large_image","twitter_misc":{"\u00c9crit par":"cronicai","Dur\u00e9e de lecture estim\u00e9e":"3 minutes"},"schema":{"@context":"https:\/\/schema.org","@graph":[{"@type":"Article","@id":"https:\/\/www.hidralgobel.com\/coche-adaptado-adaptacion-vehiculos-movilidad-reducida\/#article","isPartOf":{"@id":"https:\/\/www.hidralgobel.com\/coche-adaptado-adaptacion-vehiculos-movilidad-reducida\/"},"author":{"name":"cronicai","@id":"https:\/\/www.hidralgobel.com\/#\/schema\/person\/2c77d0dd86e38c005d0a59fde9bb7240"},"headline":"Coche adaptado para movilidad reducida: todo lo que necesitas saber","datePublished":"2026-04-28T11:49:17+00:00","mainEntityOfPage":{"@id":"https:\/\/www.hidralgobel.com\/coche-adaptado-adaptacion-vehiculos-movilidad-reducida\/"},"wordCount":559,"commentCount":0,"publisher":{"@id":"https:\/\/www.hidralgobel.com\/#organization"},"image":{"@id":"https:\/\/www.hidralgobel.com\/coche-adaptado-adaptacion-vehiculos-movilidad-reducida\/#primaryimage"},"thumbnailUrl":"https:\/\/www.hidralgobel.com\/wp-content\/uploads\/2025\/07\/DSC00501-scaled.jpg","articleSection":["Blog"],"inLanguage":"fr-FR","potentialAction":[{"@type":"CommentAction","name":"Comment","target":["https:\/\/www.hidralgobel.com\/coche-adaptado-adaptacion-vehiculos-movilidad-reducida\/#respond"]}]},{"@type":"WebPage","@id":"https:\/\/www.hidralgobel.com\/coche-adaptado-adaptacion-vehiculos-movilidad-reducida\/","url":"https:\/\/www.hidralgobel.com\/coche-adaptado-adaptacion-vehiculos-movilidad-reducida\/","name":"Coche Adaptado: Gu\u00eda de Adaptaci\u00f3n de Veh\u00edculos para Movilidad Reducida","isPartOf":{"@id":"https:\/\/www.hidralgobel.com\/#website"},"primaryImageOfPage":{"@id":"https:\/\/www.hidralgobel.com\/coche-adaptado-adaptacion-vehiculos-movilidad-reducida\/#primaryimage"},"image":{"@id":"https:\/\/www.hidralgobel.com\/coche-adaptado-adaptacion-vehiculos-movilidad-reducida\/#primaryimage"},"thumbnailUrl":"https:\/\/www.hidralgobel.com\/wp-content\/uploads\/2025\/07\/DSC00501-scaled.jpg","datePublished":"2026-04-28T11:49:17+00:00","description":"\u00bfNecesitas un coche adaptado? Descubre todo sobre la adaptaci\u00f3n de veh\u00edculos para personas con discapacidad: tipos, tr\u00e1mites y ayudas. Hidralgobel te asesora.","breadcrumb":{"@id":"https:\/\/www.hidralgobel.com\/coche-adaptado-adaptacion-vehiculos-movilidad-reducida\/#breadcrumb"},"inLanguage":"fr-FR","potentialAction":[{"@type":"ReadAction","target":["https:\/\/www.hidralgobel.com\/coche-adaptado-adaptacion-vehiculos-movilidad-reducida\/"]}]},{"@type":"ImageObject","inLanguage":"fr-FR","@id":"https:\/\/www.hidralgobel.com\/coche-adaptado-adaptacion-vehiculos-movilidad-reducida\/#primaryimage","url":"https:\/\/www.hidralgobel.com\/wp-content\/uploads\/2025\/07\/DSC00501-scaled.jpg","contentUrl":"https:\/\/www.hidralgobel.com\/wp-content\/uploads\/2025\/07\/DSC00501-scaled.jpg","width":2560,"height":1707,"caption":"Conductor utilizando un mando adaptado revisado por Hidral Gobel"},{"@type":"BreadcrumbList","@id":"https:\/\/www.hidralgobel.com\/coche-adaptado-adaptacion-vehiculos-movilidad-reducida\/#breadcrumb","itemListElement":[{"@type":"ListItem","position":1,"name":"Portada","item":"https:\/\/www.hidralgobel.com\/"},{"@type":"ListItem","position":2,"name":"Coche adaptado para movilidad reducida: todo lo que necesitas saber"}]},{"@type":"WebSite","@id":"https:\/\/www.hidralgobel.com\/#website","url":"https:\/\/www.hidralgobel.com\/","name":"Hidral Gobel","description":"Fabricamos soluciones de accesibilidad   para los viajeros con movilidad reducida.","publisher":{"@id":"https:\/\/www.hidralgobel.com\/#organization"},"potentialAction":[{"@type":"SearchAction","target":{"@type":"EntryPoint","urlTemplate":"https:\/\/www.hidralgobel.com\/?s={search_term_string}"},"query-input":{"@type":"PropertyValueSpecification","valueRequired":true,"valueName":"search_term_string"}}],"inLanguage":"fr-FR"},{"@type":"Organization","@id":"https:\/\/www.hidralgobel.com\/#organization","name":"Hidral Gobel","url":"https:\/\/www.hidralgobel.com\/","logo":{"@type":"ImageObject","inLanguage":"fr-FR","@id":"https:\/\/www.hidralgobel.com\/#\/schema\/logo\/image\/","url":"https:\/\/www.hidralgobel.com\/wp-content\/uploads\/2023\/04\/Logotipo-Hidral-Gobel-2023_sin-fondo.png","contentUrl":"https:\/\/www.hidralgobel.com\/wp-content\/uploads\/2023\/04\/Logotipo-Hidral-Gobel-2023_sin-fondo.png","width":1754,"height":1241,"caption":"Hidral Gobel"},"image":{"@id":"https:\/\/www.hidralgobel.com\/#\/schema\/logo\/image\/"}},{"@type":"Person","@id":"https:\/\/www.hidralgobel.com\/#\/schema\/person\/2c77d0dd86e38c005d0a59fde9bb7240","name":"cronicai","image":{"@type":"ImageObject","inLanguage":"fr-FR","@id":"https:\/\/secure.gravatar.com\/avatar\/6c30e638a19ae3cecc2c3c63efd8e35e1fbba8fc09a805103e549b1f380dc0ba?s=96&d=mm&r=g","url":"https:\/\/secure.gravatar.com\/avatar\/6c30e638a19ae3cecc2c3c63efd8e35e1fbba8fc09a805103e549b1f380dc0ba?s=96&d=mm&r=g","contentUrl":"https:\/\/secure.gravatar.com\/avatar\/6c30e638a19ae3cecc2c3c63efd8e35e1fbba8fc09a805103e549b1f380dc0ba?s=96&d=mm&r=g","caption":"cronicai"},"sameAs":["https:\/\/cronicai-cp43.wordpresstemporal.com\/hidral"],"url":"https:\/\/www.hidralgobel.com\/fr\/author\/cronicai\/"}]}},"_links":{"self":[{"href":"https:\/\/www.hidralgobel.com\/fr\/wp-json\/wp\/v2\/posts\/4869","targetHints":{"allow":["GET"]}}],"collection":[{"href":"https:\/\/www.hidralgobel.com\/fr\/wp-json\/wp\/v2\/posts"}],"about":[{"href":"https:\/\/www.hidralgobel.com\/fr\/wp-json\/wp\/v2\/types\/post"}],"author":[{"embeddable":true,"href":"https:\/\/www.hidralgobel.com\/fr\/wp-json\/wp\/v2\/users\/1"}],"replies":[{"embeddable":true,"href":"https:\/\/www.hidralgobel.com\/fr\/wp-json\/wp\/v2\/comments?post=4869"}],"version-history":[{"count":17,"href":"https:\/\/www.hidralgobel.com\/fr\/wp-json\/wp\/v2\/posts\/4869\/revisions"}],"predecessor-version":[{"id":4888,"href":"https:\/\/www.hidralgobel.com\/fr\/wp-json\/wp\/v2\/posts\/4869\/revisions\/4888"}],"wp:featuredmedia":[{"embeddable":true,"href":"https:\/\/www.hidralgobel.com\/fr\/wp-json\/wp\/v2\/media\/4616"}],"wp:attachment":[{"href":"https:\/\/www.hidralgobel.com\/fr\/wp-json\/wp\/v2\/media?parent=4869"}],"wp:term":[{"taxonomy":"category","embeddable":true,"href":"https:\/\/www.hidralgobel.com\/fr\/wp-json\/wp\/v2\/categories?post=4869"},{"taxonomy":"post_tag","embeddable":true,"href":"https:\/\/www.hidralgobel.com\/fr\/wp-json\/wp\/v2\/tags?post=4869"}],"curies":[{"name":"wp","href":"https:\/\/api.w.org\/{rel}","templated":true}]}}